{"id":148125,"date":"2026-04-07T10:39:17","date_gmt":"2026-04-07T10:39:17","guid":{"rendered":"https:\/\/www.europesays.com\/ee\/148125\/"},"modified":"2026-04-07T10:39:17","modified_gmt":"2026-04-07T10:39:17","slug":"villarreal-ei-teinud-uhtki-looki-vastaste-raamide-vahele-kuid-sahistas-enda-varavasse-soccernet-ee","status":"publish","type":"post","link":"https:\/\/www.europesays.com\/ee\/148125\/","title":{"rendered":"Villarreal ei teinud \u00fchtki l\u00f6\u00f6ki vastaste raamide vahele, kuid sahistas enda v\u00e4ravasse &#8211; Soccernet.ee"},"content":{"rendered":"<p><img decoding=\"async\" src=\"https:\/\/www.europesays.com\/ee\/wp-content\/uploads\/2026\/04\/1775510681.jpg\" alt=\"Girona m\u00e4ngijad Pau Navarro omav\u00e4ravat t\u00e4histamas. Foto: Scanpix \/ Lluis Gene \/ AFP\"\/>&#13;\n<\/p>\n<p>Hispaania k\u00f5rgliigas kolmandal kohal paiknev Villarreal ei suutnud 30. vooru kohtumises Girona vastu sooritada ainsatki pealel\u00f6\u00f6ki raamide vahele ning kaotas 0:1.<\/p>\n<p>Ainsaks v\u00e4ravaks oli\u00a0Pau Navarro omav\u00e4rav avapoolaja l\u00f5pus. Navarro suunas kogemata enda v\u00f5rku Girona kapten Arnau Martineze madala terava tsenderduse.&#13;\n<\/p>\n<p>Girona jaoks kehvaks s\u00fcndmuseks oli meeskonna parima v\u00e4ravak\u00fcti Vladislav Vanati tagareievigastus &#8211; ukrainlane vajas vahetust juba 12. minutil.&#13;\n<\/p>\n<p>Girona t\u00f5usis liigatabelis 12. positsioonile. Tabeli kolmas meeskond Villarreal edestab neljandat ehk Madridi Atleticot ainult \u00fche punktiga.<\/p>\n","protected":false},"excerpt":{"rendered":"&#13; Hispaania k\u00f5rgliigas kolmandal kohal paiknev Villarreal ei suutnud 30. vooru kohtumises Girona vastu sooritada ainsatki pealel\u00f6\u00f6ki raamide&hellip;\n","protected":false},"author":2,"featured_media":148126,"comment_status":"","ping_status":"","sticky":false,"template":"","format":"standard","meta":{"footnotes":"","_share_on_mastodon":"0"},"categories":[18],"tags":[37,33,35,34,36,605,3330,606,69647,69648,159,158,1140],"class_list":["post-148125","post","type-post","status-publish","format-standard","has-post-thumbnail","category-sport","tag-ee","tag-eesti","tag-eesti-keel","tag-estonia","tag-estonian","tag-girona","tag-hispaania-korgliiga","tag-la-liga","tag-navarro","tag-pau-navarro","tag-sport","tag-sports","tag-villarreal"],"share_on_mastodon":{"url":"https:\/\/pubeurope.com\/@ee\/116362999661235682","error":""},"_links":{"self":[{"href":"https:\/\/www.europesays.com\/ee\/wp-json\/wp\/v2\/posts\/148125","targetHints":{"allow":["GET"]}}],"collection":[{"href":"https:\/\/www.europesays.com\/ee\/wp-json\/wp\/v2\/posts"}],"about":[{"href":"https:\/\/www.europesays.com\/ee\/wp-json\/wp\/v2\/types\/post"}],"author":[{"embeddable":true,"href":"https:\/\/www.europesays.com\/ee\/wp-json\/wp\/v2\/users\/2"}],"replies":[{"embeddable":true,"href":"https:\/\/www.europesays.com\/ee\/wp-json\/wp\/v2\/comments?post=148125"}],"version-history":[{"count":0,"href":"https:\/\/www.europesays.com\/ee\/wp-json\/wp\/v2\/posts\/148125\/revisions"}],"wp:featuredmedia":[{"embeddable":true,"href":"https:\/\/www.europesays.com\/ee\/wp-json\/wp\/v2\/media\/148126"}],"wp:attachment":[{"href":"https:\/\/www.europesays.com\/ee\/wp-json\/wp\/v2\/media?parent=148125"}],"wp:term":[{"taxonomy":"category","embeddable":true,"href":"https:\/\/www.europesays.com\/ee\/wp-json\/wp\/v2\/categories?post=148125"},{"taxonomy":"post_tag","embeddable":true,"href":"https:\/\/www.europesays.com\/ee\/wp-json\/wp\/v2\/tags?post=148125"}],"curies":[{"name":"wp","href":"https:\/\/api.w.org\/{rel}","templated":true}]}}