{"id":148268,"date":"2026-04-07T14:02:08","date_gmt":"2026-04-07T14:02:08","guid":{"rendered":"https:\/\/www.europesays.com\/ee\/148268\/"},"modified":"2026-04-07T14:02:08","modified_gmt":"2026-04-07T14:02:08","slug":"poff-esitleb-cannesi-filmiturul-ka-kaht-peagi-valmivat-eesti-filmi-film","status":"publish","type":"post","link":"https:\/\/www.europesays.com\/ee\/148268\/","title":{"rendered":"P\u00d6FF esitleb Cannes&#8217;i filmiturul ka kaht peagi valmivat Eesti filmi | Film"},"content":{"rendered":"<p>Pimedate \u00d6\u00f6de filmifestival viib Cannes&#8217;i filmifestivali turule kaks peagi valmivat kodumaist linateost: German Golubi &#8220;Teie teenistuses&#8221; ja Eeva M\u00e4gi &#8220;Mo Hunt&#8221;.<\/p>\n<p>&#8220;Teie teenistuses&#8221; on &#8220;Meie Erika&#8221; autori German Golubi uus tragikom\u00f6\u00f6dia Ida-Virumaal elavast patrullpolitseinikust Helenist, kelle l\u00e4hedane paneb toime kuriteo. Naine peab valima, kas p\u00e4\u00e4sta iseennast, oma perekond v\u00f5i karj\u00e4\u00e4r \u2013 ta otsustab p\u00e4\u00e4sta k\u00f5ik.<\/p>\n<p>Keeruliste moraalsete valikute ees seisvat Helenit kehastab Piret Krumm.<\/p>\n<p>J\u00e4rgmise aasta alguses kinodesse j\u00f5udev linateos valmib stuudios Stellar Film.<\/p>\n<p>Eeva M\u00e4gi h\u00fcbriidfilmis &#8220;Mo Hunt&#8221; n\u00f5ustub l\u00e4bip\u00f5lenud baleriin kandma raha eest kiriku\u00f5petaja last, et anda oma valule t\u00e4hendus. Peagi ta taipab, et tema teatrilavastajast armastatu lavastab ka tema ohverdust. P\u00e4riselu ja m\u00e4ngu piir h\u00e4gustub.<\/p>\n<p>Autori algatatud Mo-liikumise neljas film (&#8220;Mo Mamma&#8221;, &#8220;Mo Papa&#8221; ja &#8220;Mo Amori&#8221; j\u00e4rel) uurib, kui habras on piir hoolimise, kontrolli ja v\u00e4givalla vahel.<\/p>\n<p>Peaosades Jarmo Reha ja Laureen Laar. Filmi toodavad stuudiod Kinosaurus Film ja Kultuurikuur.<\/p>\n<p>Kokku viib P\u00d6FF Cannes&#8217;i viis filmiprojekti, mille seas on veel Luksemburgi re\u017eiss\u00f6\u00f6ri Stephen Korytko must kom\u00f6\u00f6dia &#8220;Surnud isa t\u00fcdruk&#8221;, Hollandi re\u017eiss\u00f6\u00f6ri Edson da Concei\u00e7\u00e3o draama &#8220;Kadunud poeg&#8221; ja Hispaania re\u017eiss\u00f6\u00f6ri Daniel Romero Bueno p\u00f5nevusdraama &#8220;T\u00fctred&#8221;.<\/p>\n<p>Esitletavad filmid valiti v\u00e4lja rahvusvahelisel konkursil.<\/p>\n<p>&#8220;Oleme olnud h\u00fcppelauaks paljudele uutele h\u00e4\u00e4ltele ja loodame, et see on nii ka t\u00e4navuse valiku puhul,&#8221; \u00fctles P\u00d6FFi kunstiline juht Triin Tramberg.<\/p>\n<p>Esitlus kuulub maailma suurima filmituru March\u00e9 du Film programmi &#8220;Goes to Cannes&#8221;, kus seitse valitud festivali ja filmiturgu tutvustavad m\u00fc\u00fcgiagentidele, levitajatele ja festivalide programmikoostajatele noorte andekate autorite j\u00e4reltootmises olevaid filmiprojekte, et sillutada neile teed rahvusvahelisele turule.<\/p>\n<p>P\u00d6FF on esitlejate seas kuuendat aastat j\u00e4rjest, lisaks P\u00d6FF-ile saavad t\u00e4navu v\u00f5imaluse tutvustada oma projekte Tokyo, Rio de Janeiro, Adelaide&#8217;i ja esimest korda ka Nigeerias toimuv Aafrika filmifestival, turgudest on v\u00e4lja valitud kaks oma regiooni suurimat: Hong Kong \u2013 Asia Film Financing Forum ja Ladina-Ameerika filmit\u00f6\u00f6stust esindav Ventana Sur.<\/p>\n<p>12.\u201320. maini toimuv March\u00e9 du Film on maailma suurim filmiturg, kus osaleb ligemale 4000 filmiprojekti v\u00f5i filmi ja mida k\u00fclastab 15 000 delegaati kogu maailmast.<\/p>\n","protected":false},"excerpt":{"rendered":"Pimedate \u00d6\u00f6de filmifestival viib Cannes&#8217;i filmifestivali turule kaks peagi valmivat kodumaist linateost: German Golubi &#8220;Teie teenistuses&#8221; ja Eeva&hellip;\n","protected":false},"author":2,"featured_media":148269,"comment_status":"","ping_status":"","sticky":false,"template":"","format":"standard","meta":{"footnotes":"","_share_on_mastodon":"0"},"categories":[80],"tags":[26,27,11814,19242,37,33,35,34,36,31,32,208,28104,21,28,29,95,69743,19,2870,25,40187,23,24,22,20,30,92,93,94],"class_list":["post-148268","post","type-post","status-publish","format-standard","has-post-thumbnail","category-maailm","tag-breaking-news","tag-breakingnews","tag-cannes","tag-cannesi-filmifestival","tag-ee","tag-eesti","tag-eesti-keel","tag-estonia","tag-estonian","tag-featured-news","tag-featurednews","tag-film","tag-german-golub","tag-headlines","tag-latest-news","tag-latestnews","tag-maailm","tag-mo-hunt","tag-news","tag-poff","tag-populaarseimad-lood","tag-teie-teenistuses","tag-top-stories","tag-topstories","tag-uldised-uudised","tag-uudised","tag-viimased-uudised","tag-world","tag-world-news","tag-worldnews"],"share_on_mastodon":{"url":"https:\/\/pubeurope.com\/@ee\/116363797832555117","error":""},"_links":{"self":[{"href":"https:\/\/www.europesays.com\/ee\/wp-json\/wp\/v2\/posts\/148268","targetHints":{"allow":["GET"]}}],"collection":[{"href":"https:\/\/www.europesays.com\/ee\/wp-json\/wp\/v2\/posts"}],"about":[{"href":"https:\/\/www.europesays.com\/ee\/wp-json\/wp\/v2\/types\/post"}],"author":[{"embeddable":true,"href":"https:\/\/www.europesays.com\/ee\/wp-json\/wp\/v2\/users\/2"}],"replies":[{"embeddable":true,"href":"https:\/\/www.europesays.com\/ee\/wp-json\/wp\/v2\/comments?post=148268"}],"version-history":[{"count":0,"href":"https:\/\/www.europesays.com\/ee\/wp-json\/wp\/v2\/posts\/148268\/revisions"}],"wp:featuredmedia":[{"embeddable":true,"href":"https:\/\/www.europesays.com\/ee\/wp-json\/wp\/v2\/media\/148269"}],"wp:attachment":[{"href":"https:\/\/www.europesays.com\/ee\/wp-json\/wp\/v2\/media?parent=148268"}],"wp:term":[{"taxonomy":"category","embeddable":true,"href":"https:\/\/www.europesays.com\/ee\/wp-json\/wp\/v2\/categories?post=148268"},{"taxonomy":"post_tag","embeddable":true,"href":"https:\/\/www.europesays.com\/ee\/wp-json\/wp\/v2\/tags?post=148268"}],"curies":[{"name":"wp","href":"https:\/\/api.w.org\/{rel}","templated":true}]}}