{"id":148423,"date":"2026-04-07T17:07:13","date_gmt":"2026-04-07T17:07:13","guid":{"rendered":"https:\/\/www.europesays.com\/ee\/148423\/"},"modified":"2026-04-07T17:07:13","modified_gmt":"2026-04-07T17:07:13","slug":"palgakarpega-leppinud-maguire-pikendas-manchester-unitediga-lepingut","status":"publish","type":"post","link":"https:\/\/www.europesays.com\/ee\/148423\/","title":{"rendered":"Palgak\u00e4rpega leppinud Maguire pikendas Manchester Unitediga lepingut"},"content":{"rendered":"<p>33-aastane Maguire pikendas Unitediga lepingut \u00fche aasta v\u00f5rra ning pidi seejuures leppima palgak\u00e4rpega, teatab BBC. Tema senine kontraht oleks l\u00e4bi saanud sel suvel.<\/p>\n<p>Maguire liitus Unitediga 2019. aastal Leicester Cityst 80 miljoni naela eest, mis t\u00e4histab kaitsjate arvestuses maailmarekordilist \u00fcleminekusummat.<\/p>\n<p>Siiani on kogenud keskkaitsja pidanud Unitedi s\u00e4rgis 266 m\u00e4ngu ning on v\u00f5itnud Manchesteri suurklubiga 2022\/23 hooajal Inglismaa liigakarika ja aasta hiljem FA Cupi. <\/p>\n<p>\u201eManchester Unitedi esindamine on \u00fclim au. See on vastutus, mis teeb mind ja mu perekonda iga p\u00e4ev uhkeks,\u201c \u00fctles Maguire. \u201eMul on hea meel pikendada oma teekonda selles uskumatus klubis v\u00e4hemalt kaheksa hooajani ja j\u00e4tkata m\u00e4ngimist meie eriliste toetajate ees, et luua koos veel imelisi hetki.\u201c<\/p>\n<p>T\u00e4navust hooaega kahvatult alustanud United on suutnud ajutise peatreeneri <a rel=\"noopener nofollow\" target=\"_blank\" href=\"https:\/\/www.delfi.ee\/teema\/56503830\/michael-carrick\" tag-id=\"56503830\">Michael Carricku<\/a> juhendamisel leida uue hingamise ning on t\u00f5usnud Premier League`is kolmandale kohale.  <\/p>\n<p>Kuidas see lugu Sind end tundma pani? Saada <a href=\"https:\/\/sport.delfi.ee\/artikkel\/120566219\/palgakarpega-leppinud-maguire-pikendas-manchester-unitediga-lepingut\/kommentaarid\" class=\"article-body-bottom__comment article-body-bottom__comment--write button button--primary button--size-auto\" rel=\"nofollow noopener\" target=\"_blank\"> Kommenteeri <\/a><a href=\"https:\/\/sport.delfi.ee\/artikkel\/120566219\/palgakarpega-leppinud-maguire-pikendas-manchester-unitediga-lepingut\/kommentaarid\" class=\"article-body-bottom__comment article-body-bottom__comment--read button button--size-auto\" rel=\"nofollow noopener\" target=\"_blank\"> Loe kommentaare <\/a><\/p>\n","protected":false},"excerpt":{"rendered":"33-aastane Maguire pikendas Unitediga lepingut \u00fche aasta v\u00f5rra ning pidi seejuures leppima palgak\u00e4rpega, teatab BBC. Tema senine kontraht&hellip;\n","protected":false},"author":2,"featured_media":148424,"comment_status":"","ping_status":"","sticky":false,"template":"","format":"standard","meta":{"footnotes":"","_share_on_mastodon":"0"},"categories":[18],"tags":[37,33,35,34,36,13052,1105,41666,159,158],"class_list":["post-148423","post","type-post","status-publish","format-standard","has-post-thumbnail","category-sport","tag-ee","tag-eesti","tag-eesti-keel","tag-estonia","tag-estonian","tag-harry-maguire","tag-manchester-united","tag-michael-carrick","tag-sport","tag-sports"],"share_on_mastodon":{"url":"https:\/\/pubeurope.com\/@ee\/116364525164284157","error":""},"_links":{"self":[{"href":"https:\/\/www.europesays.com\/ee\/wp-json\/wp\/v2\/posts\/148423","targetHints":{"allow":["GET"]}}],"collection":[{"href":"https:\/\/www.europesays.com\/ee\/wp-json\/wp\/v2\/posts"}],"about":[{"href":"https:\/\/www.europesays.com\/ee\/wp-json\/wp\/v2\/types\/post"}],"author":[{"embeddable":true,"href":"https:\/\/www.europesays.com\/ee\/wp-json\/wp\/v2\/users\/2"}],"replies":[{"embeddable":true,"href":"https:\/\/www.europesays.com\/ee\/wp-json\/wp\/v2\/comments?post=148423"}],"version-history":[{"count":0,"href":"https:\/\/www.europesays.com\/ee\/wp-json\/wp\/v2\/posts\/148423\/revisions"}],"wp:featuredmedia":[{"embeddable":true,"href":"https:\/\/www.europesays.com\/ee\/wp-json\/wp\/v2\/media\/148424"}],"wp:attachment":[{"href":"https:\/\/www.europesays.com\/ee\/wp-json\/wp\/v2\/media?parent=148423"}],"wp:term":[{"taxonomy":"category","embeddable":true,"href":"https:\/\/www.europesays.com\/ee\/wp-json\/wp\/v2\/categories?post=148423"},{"taxonomy":"post_tag","embeddable":true,"href":"https:\/\/www.europesays.com\/ee\/wp-json\/wp\/v2\/tags?post=148423"}],"curies":[{"name":"wp","href":"https:\/\/api.w.org\/{rel}","templated":true}]}}