{"id":148711,"date":"2026-04-08T05:18:07","date_gmt":"2026-04-08T05:18:07","guid":{"rendered":"https:\/\/www.europesays.com\/ee\/148711\/"},"modified":"2026-04-08T05:18:07","modified_gmt":"2026-04-08T05:18:07","slug":"kaitsevagi-jatab-avaldamata-kas-hammastes-alla-kukkunud-droon-voinuks-jouda-tartusse","status":"publish","type":"post","link":"https:\/\/www.europesays.com\/ee\/148711\/","title":{"rendered":"Kaitsev\u00e4gi j\u00e4tab avaldamata, kas Hammastes alla kukkunud droon v\u00f5inuks j\u00f5uda Tartusse"},"content":{"rendered":"<p>Eesti \u00f5huruumi eksinud droonide m\u00f5jutamisel on v\u00e4ga oluline pidada silmas kaalutluskohta \u2013 kas, millal ja kuidas me neid m\u00f5jutama peaksime, vahendas nooremleitnant Kaarel Oraste kaitsev\u00e4e peastaabi pressijaoskonnast. Tuleb arvestada, et drooni m\u00f5jutades v\u00f5i purustades langeb see kas tervena v\u00f5i rusudena alla maapinnale, ohustades nii inimesi v\u00f5i taristut.<\/p>\n","protected":false},"excerpt":{"rendered":"Eesti \u00f5huruumi eksinud droonide m\u00f5jutamisel on v\u00e4ga oluline pidada silmas kaalutluskohta \u2013 kas, millal ja kuidas me neid&hellip;\n","protected":false},"author":2,"featured_media":148712,"comment_status":"","ping_status":"","sticky":false,"template":"","format":"standard","meta":{"footnotes":"","_share_on_mastodon":"0"},"categories":[5],"tags":[26,27,404,37,33,35,34,36,31,32,69886,21,2645,28,29,19,1581,25,2255,249,23,24,22,20,30],"class_list":["post-148711","post","type-post","status-publish","format-standard","has-post-thumbnail","category-uldised-uudised","tag-breaking-news","tag-breakingnews","tag-droon","tag-ee","tag-eesti","tag-eesti-keel","tag-estonia","tag-estonian","tag-featured-news","tag-featurednews","tag-hammaste","tag-headlines","tag-kaitsevagi","tag-latest-news","tag-latestnews","tag-news","tag-paasteamet","tag-populaarseimad-lood","tag-rundedroon","tag-tartu","tag-top-stories","tag-topstories","tag-uldised-uudised","tag-uudised","tag-viimased-uudised"],"share_on_mastodon":{"url":"https:\/\/pubeurope.com\/@ee\/116367399649258259","error":""},"_links":{"self":[{"href":"https:\/\/www.europesays.com\/ee\/wp-json\/wp\/v2\/posts\/148711","targetHints":{"allow":["GET"]}}],"collection":[{"href":"https:\/\/www.europesays.com\/ee\/wp-json\/wp\/v2\/posts"}],"about":[{"href":"https:\/\/www.europesays.com\/ee\/wp-json\/wp\/v2\/types\/post"}],"author":[{"embeddable":true,"href":"https:\/\/www.europesays.com\/ee\/wp-json\/wp\/v2\/users\/2"}],"replies":[{"embeddable":true,"href":"https:\/\/www.europesays.com\/ee\/wp-json\/wp\/v2\/comments?post=148711"}],"version-history":[{"count":0,"href":"https:\/\/www.europesays.com\/ee\/wp-json\/wp\/v2\/posts\/148711\/revisions"}],"wp:featuredmedia":[{"embeddable":true,"href":"https:\/\/www.europesays.com\/ee\/wp-json\/wp\/v2\/media\/148712"}],"wp:attachment":[{"href":"https:\/\/www.europesays.com\/ee\/wp-json\/wp\/v2\/media?parent=148711"}],"wp:term":[{"taxonomy":"category","embeddable":true,"href":"https:\/\/www.europesays.com\/ee\/wp-json\/wp\/v2\/categories?post=148711"},{"taxonomy":"post_tag","embeddable":true,"href":"https:\/\/www.europesays.com\/ee\/wp-json\/wp\/v2\/tags?post=148711"}],"curies":[{"name":"wp","href":"https:\/\/api.w.org\/{rel}","templated":true}]}}