{"id":148775,"date":"2026-04-08T06:56:12","date_gmt":"2026-04-08T06:56:12","guid":{"rendered":"https:\/\/www.europesays.com\/ee\/148775\/"},"modified":"2026-04-08T06:56:12","modified_gmt":"2026-04-08T06:56:12","slug":"vaikusel-on-hind-%e2%9f%a9-eksmiss-kristiina-heinmets-peab-kokkuleppe-rikkumise-eest-valja-kaima-80-000-eurot","status":"publish","type":"post","link":"https:\/\/www.europesays.com\/ee\/148775\/","title":{"rendered":"VAIKUSEL ON HIND \u27e9 Eksmiss Kristiina Heinmets peab kokkuleppe rikkumise eest v\u00e4lja k\u00e4ima 80 000 eurot"},"content":{"rendered":"<p>Avalikkuse ees s\u00f5navabaduse eest seisjana tuntud Kristiina Heinmets sattus ise olukorda, kus pidi kokkuleppega oma v\u00e4ljendusvabadust piirama. Kokkuleppe rikkumine t\u00f5i kaasa k\u00fcmnetesse tuhandetesse eurodesse ulatuva n\u00f5ude, vahendab <a target=\"_blank\" rel=\"noopener noreferrer nofollow\" href=\"https:\/\/ekspress.delfi.ee\/artikkel\/120565736\/kristiina-heinmets-lubas-maksta-tuhat-eurot-iga-kord-kui-postitab-midagi-eksmehe-kohta\">Eesti Ekspress<\/a>.<\/p>\n<p>Palju t\u00e4helepanu on p\u00e4lvinud juhtum, kus end s\u00f5navabaduse eestk\u00f5nelejana esitlenud Kristiina Heinmets s\u00f5lmis eksabikaasa Aivar Aigroga kompromissi, millega n\u00f5ustus enda avalikke v\u00e4lja\u00fctlemisi piirama.<\/p>\n","protected":false},"excerpt":{"rendered":"Avalikkuse ees s\u00f5navabaduse eest seisjana tuntud Kristiina Heinmets sattus ise olukorda, kus pidi kokkuleppega oma v\u00e4ljendusvabadust piirama. Kokkuleppe&hellip;\n","protected":false},"author":2,"featured_media":148776,"comment_status":"","ping_status":"","sticky":false,"template":"","format":"standard","meta":{"footnotes":"","_share_on_mastodon":"0"},"categories":[12],"tags":[69998,69992,69990,59880,69994,26,27,37,33,5551,35,69989,34,36,31,32,70000,3995,21,69996,5774,69993,69991,318,69995,28,29,20551,69997,19,25,2885,69999,29211,23,24,22,20,30],"class_list":["post-148775","post","type-post","status-publish","format-standard","has-post-thumbnail","category-eesti","tag-10-000-eurot","tag-80-000-euro-suurune-noue","tag-aivar-aigro","tag-andra-olm","tag-au-ja-vaarikus","tag-breaking-news","tag-breakingnews","tag-ee","tag-eesti","tag-eesti-ekspress","tag-eesti-keel","tag-eks-miss","tag-estonia","tag-estonian","tag-featured-news","tag-featurednews","tag-hagi-tagamine","tag-harju-maakohus","tag-headlines","tag-isikuandmete-avaldamine","tag-kohtuotsus","tag-kohtutaitur-risto-sepp","tag-kokkuleppe-rikkumine","tag-kristiina-heinmets","tag-laimulahing","tag-latest-news","tag-latestnews","tag-leppetrahv","tag-mittevaraline-kahju","tag-news","tag-populaarseimad-lood","tag-sonavabadus","tag-sotsiaalmeedia-postitused","tag-taitemenetlus","tag-top-stories","tag-topstories","tag-uldised-uudised","tag-uudised","tag-viimased-uudised"],"share_on_mastodon":{"url":"","error":"Validation failed: Text character limit of 500 exceeded"},"_links":{"self":[{"href":"https:\/\/www.europesays.com\/ee\/wp-json\/wp\/v2\/posts\/148775","targetHints":{"allow":["GET"]}}],"collection":[{"href":"https:\/\/www.europesays.com\/ee\/wp-json\/wp\/v2\/posts"}],"about":[{"href":"https:\/\/www.europesays.com\/ee\/wp-json\/wp\/v2\/types\/post"}],"author":[{"embeddable":true,"href":"https:\/\/www.europesays.com\/ee\/wp-json\/wp\/v2\/users\/2"}],"replies":[{"embeddable":true,"href":"https:\/\/www.europesays.com\/ee\/wp-json\/wp\/v2\/comments?post=148775"}],"version-history":[{"count":0,"href":"https:\/\/www.europesays.com\/ee\/wp-json\/wp\/v2\/posts\/148775\/revisions"}],"wp:featuredmedia":[{"embeddable":true,"href":"https:\/\/www.europesays.com\/ee\/wp-json\/wp\/v2\/media\/148776"}],"wp:attachment":[{"href":"https:\/\/www.europesays.com\/ee\/wp-json\/wp\/v2\/media?parent=148775"}],"wp:term":[{"taxonomy":"category","embeddable":true,"href":"https:\/\/www.europesays.com\/ee\/wp-json\/wp\/v2\/categories?post=148775"},{"taxonomy":"post_tag","embeddable":true,"href":"https:\/\/www.europesays.com\/ee\/wp-json\/wp\/v2\/tags?post=148775"}],"curies":[{"name":"wp","href":"https:\/\/api.w.org\/{rel}","templated":true}]}}