{"id":148797,"date":"2026-04-08T07:18:16","date_gmt":"2026-04-08T07:18:16","guid":{"rendered":"https:\/\/www.europesays.com\/ee\/148797\/"},"modified":"2026-04-08T07:18:16","modified_gmt":"2026-04-08T07:18:16","slug":"arvamusfestivali-juht-paneb-ameti-maha","status":"publish","type":"post","link":"https:\/\/www.europesays.com\/ee\/148797\/","title":{"rendered":"Arvamusfestivali juht paneb ameti maha"},"content":{"rendered":"<p>Eesti kunstiakadeemia vabade kunstide teaduskonna dekaani rolli astub uuest \u00f5ppeaastast Taaniel Raudsepp, avalikustas \u00fclikool t\u00e4na oma kodulehel.<\/p>\n<p>Raudsepp on varasemalt t\u00f6\u00f6tanud nii k\u00fcberturbe valdkonnas riskijuhina, loovjuhina, kunstniku, Tallinna kunstihoone juhataja, kultuuriministeeriumi asekantsleri kui ka viimati Paide arvamusfestivali eestvedajana.<\/p>\n","protected":false},"excerpt":{"rendered":"Eesti kunstiakadeemia vabade kunstide teaduskonna dekaani rolli astub uuest \u00f5ppeaastast Taaniel Raudsepp, avalikustas \u00fclikool t\u00e4na oma kodulehel. Raudsepp&hellip;\n","protected":false},"author":2,"featured_media":148798,"comment_status":"","ping_status":"","sticky":false,"template":"","format":"standard","meta":{"footnotes":"","_share_on_mastodon":"0"},"categories":[12],"tags":[51767,26,27,70018,37,33,35,70028,14111,422,34,36,31,32,21,70026,70024,23798,70022,70019,2545,5670,28,29,70020,70023,70021,19,70025,51768,25,69941,15820,23,24,22,20,70017,30,70027],"class_list":["post-148797","post","type-post","status-publish","format-standard","has-post-thumbnail","category-eesti","tag-arvamusfestival","tag-breaking-news","tag-breakingnews","tag-dekaan","tag-ee","tag-eesti","tag-eesti-keel","tag-eesti-kultuurielu","tag-eesti-kunstiakadeemia","tag-eka","tag-estonia","tag-estonian","tag-featured-news","tag-featurednews","tag-headlines","tag-juhtimise-vahetus","tag-kai-klandorf","tag-kirke-kangro","tag-kristi-liiva","tag-kuberturbe-riskijuht","tag-kultuuriministeerium","tag-kunstnik","tag-latest-news","tag-latestnews","tag-loovjuht","tag-maiko-keskula","tag-mtu-arvamusfestival","tag-news","tag-noukoda","tag-paide-arvamusfestival","tag-populaarseimad-lood","tag-taaniel-raudsepp","tag-tallinna-kunstihoone","tag-top-stories","tag-topstories","tag-uldised-uudised","tag-uudised","tag-vabade-kunstide-teaduskond","tag-viimased-uudised","tag-xiv-arvamusfestival"],"share_on_mastodon":{"url":"","error":"Validation failed: Text character limit of 500 exceeded"},"_links":{"self":[{"href":"https:\/\/www.europesays.com\/ee\/wp-json\/wp\/v2\/posts\/148797","targetHints":{"allow":["GET"]}}],"collection":[{"href":"https:\/\/www.europesays.com\/ee\/wp-json\/wp\/v2\/posts"}],"about":[{"href":"https:\/\/www.europesays.com\/ee\/wp-json\/wp\/v2\/types\/post"}],"author":[{"embeddable":true,"href":"https:\/\/www.europesays.com\/ee\/wp-json\/wp\/v2\/users\/2"}],"replies":[{"embeddable":true,"href":"https:\/\/www.europesays.com\/ee\/wp-json\/wp\/v2\/comments?post=148797"}],"version-history":[{"count":0,"href":"https:\/\/www.europesays.com\/ee\/wp-json\/wp\/v2\/posts\/148797\/revisions"}],"wp:featuredmedia":[{"embeddable":true,"href":"https:\/\/www.europesays.com\/ee\/wp-json\/wp\/v2\/media\/148798"}],"wp:attachment":[{"href":"https:\/\/www.europesays.com\/ee\/wp-json\/wp\/v2\/media?parent=148797"}],"wp:term":[{"taxonomy":"category","embeddable":true,"href":"https:\/\/www.europesays.com\/ee\/wp-json\/wp\/v2\/categories?post=148797"},{"taxonomy":"post_tag","embeddable":true,"href":"https:\/\/www.europesays.com\/ee\/wp-json\/wp\/v2\/tags?post=148797"}],"curies":[{"name":"wp","href":"https:\/\/api.w.org\/{rel}","templated":true}]}}