{"id":14881,"date":"2025-10-08T18:21:07","date_gmt":"2025-10-08T18:21:07","guid":{"rendered":"https:\/\/www.europesays.com\/ee\/14881\/"},"modified":"2025-10-08T18:21:07","modified_gmt":"2025-10-08T18:21:07","slug":"vanad-laulud-toovad-raha-sisse-victoria-beckham-teenis-tanu-oma-kunagisele-lauljakarjaarile-mullu-tohutu-summa","status":"publish","type":"post","link":"https:\/\/www.europesays.com\/ee\/14881\/","title":{"rendered":"Vanad laulud toovad raha sisse! Victoria Beckham teenis t\u00e4nu oma kunagisele lauljakarj\u00e4\u00e4rile mullu tohutu summa"},"content":{"rendered":"<p>Victoria Beckham (51) on tuntud moelooja, kelle loomingut kannavad maailmakuulsad staarid. Enne moemaailma sukeldumist oli ta aga tuntud t\u00e4nu Spice Girlsi b\u00e4ndile. Lisaks b\u00e4ndile tegi Victoria ka soolokarj\u00e4\u00e4ri, kuid see j\u00e4i l\u00fchikeseks. <\/p>\n<p>Spice Girls on viimasel ajal end kuulajatele hakanud meelde tuletama. T\u00fcdrukuteb\u00e4nd andis oma deb\u00fc\u00fctalbumi \u201eSpice\u201c uuesti v\u00e4lja, kui t\u00f5i oktoobris f\u00e4nnide ette selle vin\u00fc\u00fclplaadi. Spice Girlsi laulu \u201eNever Give Up on the Good Times\u201c kasutati j\u00f5ulureklaamis. Uusi hitte aga v\u00e4lja antud pole. <\/p>\n<p>Oled juba tellija?  Logi sisse <\/p>\n<p>       <a href=\"https:\/\/kroonika.delfi.ee\/artikkel\/120408859\/vanad-laulud-toovad-raha-sisse-victoria-beckham-teenis-tanu-oma-kunagisele-lauljakarjaarile-mullu-tohutu-summa\/kommentaarid\" class=\"article-body-bottom__comment article-body-bottom__comment--write button button--primary button--size-auto\" rel=\"nofollow noopener\" target=\"_blank\"><br \/>\n        Kommenteeri<br \/>\n       <\/a> <a href=\"https:\/\/kroonika.delfi.ee\/artikkel\/120408859\/vanad-laulud-toovad-raha-sisse-victoria-beckham-teenis-tanu-oma-kunagisele-lauljakarjaarile-mullu-tohutu-summa\/kommentaarid\" class=\"article-body-bottom__comment article-body-bottom__comment--read button button--size-auto\" rel=\"nofollow noopener\" target=\"_blank\"><br \/>\n        Loe kommentaare (2) <\/a>  <\/p>\n","protected":false},"excerpt":{"rendered":"Victoria Beckham (51) on tuntud moelooja, kelle loomingut kannavad maailmakuulsad staarid. Enne moemaailma sukeldumist oli ta aga tuntud&hellip;\n","protected":false},"author":2,"featured_media":14882,"comment_status":"","ping_status":"","sticky":false,"template":"","format":"standard","meta":{"footnotes":""},"categories":[84],"tags":[37,33,35,173,34,36,140,215,144,1562],"class_list":{"0":"post-14881","1":"post","2":"type-post","3":"status-publish","4":"format-standard","5":"has-post-thumbnail","7":"category-muusika","8":"tag-ee","9":"tag-eesti","10":"tag-eesti-keel","11":"tag-entertainment","12":"tag-estonia","13":"tag-estonian","14":"tag-meelelahutus","15":"tag-music","16":"tag-muusika","17":"tag-victoria-beckham"},"share_on_mastodon":{"url":"","error":""},"_links":{"self":[{"href":"https:\/\/www.europesays.com\/ee\/wp-json\/wp\/v2\/posts\/14881","targetHints":{"allow":["GET"]}}],"collection":[{"href":"https:\/\/www.europesays.com\/ee\/wp-json\/wp\/v2\/posts"}],"about":[{"href":"https:\/\/www.europesays.com\/ee\/wp-json\/wp\/v2\/types\/post"}],"author":[{"embeddable":true,"href":"https:\/\/www.europesays.com\/ee\/wp-json\/wp\/v2\/users\/2"}],"replies":[{"embeddable":true,"href":"https:\/\/www.europesays.com\/ee\/wp-json\/wp\/v2\/comments?post=14881"}],"version-history":[{"count":0,"href":"https:\/\/www.europesays.com\/ee\/wp-json\/wp\/v2\/posts\/14881\/revisions"}],"wp:featuredmedia":[{"embeddable":true,"href":"https:\/\/www.europesays.com\/ee\/wp-json\/wp\/v2\/media\/14882"}],"wp:attachment":[{"href":"https:\/\/www.europesays.com\/ee\/wp-json\/wp\/v2\/media?parent=14881"}],"wp:term":[{"taxonomy":"category","embeddable":true,"href":"https:\/\/www.europesays.com\/ee\/wp-json\/wp\/v2\/categories?post=14881"},{"taxonomy":"post_tag","embeddable":true,"href":"https:\/\/www.europesays.com\/ee\/wp-json\/wp\/v2\/tags?post=14881"}],"curies":[{"name":"wp","href":"https:\/\/api.w.org\/{rel}","templated":true}]}}