{"id":148931,"date":"2026-04-08T10:14:18","date_gmt":"2026-04-08T10:14:18","guid":{"rendered":"https:\/\/www.europesays.com\/ee\/148931\/"},"modified":"2026-04-08T10:14:18","modified_gmt":"2026-04-08T10:14:18","slug":"lati-minister-soovib-kutusehinna-tousu-leevendamiseks-odavamaid-rongipileteid-valismaa","status":"publish","type":"post","link":"https:\/\/www.europesays.com\/ee\/148931\/","title":{"rendered":"L\u00e4ti minister soovib k\u00fctusehinna t\u00f5usu leevendamiseks odavamaid rongipileteid | V\u00e4lismaa"},"content":{"rendered":"<p>L\u00e4ti transpordiminister Atis \u0160vinka soovib, et k\u00fctusehindade t\u00f5usu t\u00f5ttu s\u00f5idaksid inimesed rohkem rongiga ning tegi ettepaneku langetada igakuiste rongipiletite hinda kolmeks kuuks 50 protsendi v\u00f5rra.<\/p>\n<p>&#8220;Riik peab aitama elanikel leevendada L\u00e4his-Ida konfliktist p\u00f5hjustatud k\u00fctusehindade h\u00fcppe tagaj\u00e4rgi. Asendades eraautod v\u00f5imaluse korral rongidega, v\u00f5iksid L\u00e4ti elanikud kolme kuu jooksul kokku hoida ligikaudu 12 miljonit eurot,&#8221; \u00fctles \u0160vinka.<\/p>\n<p>Ettepanek esitatakse arutamiseks koalitsiooniparteide eelseisval kohtumisel. \u0160vinka kodupartei Progressiivid teatasid, et ettepaneku eesm\u00e4rk on leevendada k\u00fctusehindade t\u00f5usu m\u00f5ju ning julgustada inimesi sagedamini rongiga reisima.<\/p>\n","protected":false},"excerpt":{"rendered":"L\u00e4ti transpordiminister Atis \u0160vinka soovib, et k\u00fctusehindade t\u00f5usu t\u00f5ttu s\u00f5idaksid inimesed rohkem rongiga ning tegi ettepaneku langetada igakuiste&hellip;\n","protected":false},"author":2,"featured_media":148932,"comment_status":"","ping_status":"","sticky":false,"template":"","format":"standard","meta":{"footnotes":"","_share_on_mastodon":"0"},"categories":[12],"tags":[26,27,37,33,35,34,36,31,32,21,3592,28,29,114,19,25,5421,23,24,398,22,20,30],"class_list":["post-148931","post","type-post","status-publish","format-standard","has-post-thumbnail","category-eesti","tag-breaking-news","tag-breakingnews","tag-ee","tag-eesti","tag-eesti-keel","tag-estonia","tag-estonian","tag-featured-news","tag-featurednews","tag-headlines","tag-kutusehind","tag-latest-news","tag-latestnews","tag-lati","tag-news","tag-populaarseimad-lood","tag-rong","tag-top-stories","tag-topstories","tag-transport","tag-uldised-uudised","tag-uudised","tag-viimased-uudised"],"share_on_mastodon":{"url":"https:\/\/pubeurope.com\/@ee\/116368563589686006","error":""},"_links":{"self":[{"href":"https:\/\/www.europesays.com\/ee\/wp-json\/wp\/v2\/posts\/148931","targetHints":{"allow":["GET"]}}],"collection":[{"href":"https:\/\/www.europesays.com\/ee\/wp-json\/wp\/v2\/posts"}],"about":[{"href":"https:\/\/www.europesays.com\/ee\/wp-json\/wp\/v2\/types\/post"}],"author":[{"embeddable":true,"href":"https:\/\/www.europesays.com\/ee\/wp-json\/wp\/v2\/users\/2"}],"replies":[{"embeddable":true,"href":"https:\/\/www.europesays.com\/ee\/wp-json\/wp\/v2\/comments?post=148931"}],"version-history":[{"count":0,"href":"https:\/\/www.europesays.com\/ee\/wp-json\/wp\/v2\/posts\/148931\/revisions"}],"wp:featuredmedia":[{"embeddable":true,"href":"https:\/\/www.europesays.com\/ee\/wp-json\/wp\/v2\/media\/148932"}],"wp:attachment":[{"href":"https:\/\/www.europesays.com\/ee\/wp-json\/wp\/v2\/media?parent=148931"}],"wp:term":[{"taxonomy":"category","embeddable":true,"href":"https:\/\/www.europesays.com\/ee\/wp-json\/wp\/v2\/categories?post=148931"},{"taxonomy":"post_tag","embeddable":true,"href":"https:\/\/www.europesays.com\/ee\/wp-json\/wp\/v2\/tags?post=148931"}],"curies":[{"name":"wp","href":"https:\/\/api.w.org\/{rel}","templated":true}]}}