{"id":148960,"date":"2026-04-08T10:48:08","date_gmt":"2026-04-08T10:48:08","guid":{"rendered":"https:\/\/www.europesays.com\/ee\/148960\/"},"modified":"2026-04-08T10:48:08","modified_gmt":"2026-04-08T10:48:08","slug":"linnugripp-luubi-all-levik-ja-ohud-labrise-podcastis","status":"publish","type":"post","link":"https:\/\/www.europesays.com\/ee\/148960\/","title":{"rendered":"Linnugripp luubi all: levik ja ohud LABRISe podcastis"},"content":{"rendered":"<p>            <a href=\"https:\/\/www.europesays.com\/ee\/wp-content\/uploads\/2026\/04\/labris-podcast.webp.webp\" data-caption=\"Foto: kuvat\u00f5mmis videost\"><img loading=\"lazy\" decoding=\"async\" width=\"1846\" height=\"914\" class=\"entry-thumb td-modal-image\" src=\"https:\/\/www.europesays.com\/ee\/wp-content\/uploads\/2026\/04\/labris-podcast.webp.webp\"   alt=\"\" title=\"labris podcast\"\/><\/a>Foto: kuvat\u00f5mmis videost<\/p>\n<p>Seekordse \u201eUudishimu labori\u201c teemaks on lindude gripp. See on v\u00e4ga nakkav ja \u00e4gedalt kulgev lindude viirushaigus, mis Eestis praegu j\u00f5udsalt levib.<\/p>\n<p>Lindude gripist r\u00e4\u00e4gib meile\u00a0P\u00f5llumajandus- ja Toiduameti\u00a0(PTA) loomatervise ja\u00a0 heaolu osakonna peaspetsialist\u00a0K\u00e4rt Jaarma. Ta selgitab,\u00a0mis on lindude gripp, kuidas see levib ja miks see on ohtlik nii lindudele kui ka loomadele. Saame \u00fclevaate haiguse s\u00fcmptomitest ning kuuleme, kuidas lindude grippi seiratakse ja mida me selle leviku piiramiseks teha saame.\u00a0Podcasti saab kuulata\u00a0<a href=\"https:\/\/www.youtube.com\/watch?v=0dNCBkvjhog\" target=\"_blank\" rel=\"noopener nofollow\">Youtube\u2019is\u00a0<\/a>ja\u00a0<a href=\"https:\/\/open.spotify.com\/episode\/0w5LjZ24CQUDb6SHe0YoLH?si=qOxZ-LFnRvq_dheITpAv5Q&amp;nd=1&amp;dlsi=ca6267d2f9eb4504\" target=\"_blank\" rel=\"noopener nofollow\">Spotify\u2019s<\/a>.<\/p>\n<p>Eestis teostatakse k\u00f5ik lindude gripi laboratoorsed anal\u00fc\u00fcsid LABRISe Tartu laboratooriumis.\u00a0Haiguse leviku ja selle anal\u00fc\u00fcsimise kohta oleme\u00a0korduvad k\u00fcsimused\u00a0koondanud\u00a0<a href=\"https:\/\/labris.trck.smai.ly\/r?lid=pZfaqczn&amp;mid=BgXPLP5rb&amp;oid=23382&amp;url=https%3A%2F%2Flabris.agri.ee%2Fmeist%2Fkorduvad-kusimused%23linnugripp&amp;sig=434d344c980432f5685210f7725001ab40410084269ca450d2e01cc9e15f79a0\" target=\"_blank\" rel=\"noopener nofollow\">kodulehele<\/a>.<\/p>\n<p>Hukkununa leitud veelindudest (haned, luiged), r\u00f6\u00f6vlindudest v\u00f5i hulganisti surnud metslindudest teavita PTA-d veebirakenduse <a href=\"https:\/\/labris.trck.smai.ly\/r?lid=bdpnpqan&amp;mid=BgXPLP5rb&amp;oid=23382&amp;url=https%3A%2F%2Fsurvey123.arcgis.com%2Fshare%2F90c0d680b02742b7b2acd7a3b6f344d1&amp;sig=7a601144768bd2a512e5951aabb808235bef065c99ae5ea6973b24f525960835\" target=\"_blank\" rel=\"noopener nofollow\">linnugripp.ee\/teata<\/a> kaudu v\u00f5i infotelefonil +372 605 4767.<\/p>\n","protected":false},"excerpt":{"rendered":"Foto: kuvat\u00f5mmis videost Seekordse \u201eUudishimu labori\u201c teemaks on lindude gripp. See on v\u00e4ga nakkav ja \u00e4gedalt kulgev lindude&hellip;\n","protected":false},"author":2,"featured_media":148961,"comment_status":"","ping_status":"","sticky":false,"template":"","format":"standard","meta":{"footnotes":"","_share_on_mastodon":"0"},"categories":[12],"tags":[26,27,37,33,35,34,36,31,32,558,21,29740,28,29,19487,19,13624,25,23,24,22,7656,20,30],"class_list":["post-148960","post","type-post","status-publish","format-standard","has-post-thumbnail","category-eesti","tag-breaking-news","tag-breakingnews","tag-ee","tag-eesti","tag-eesti-keel","tag-estonia","tag-estonian","tag-featured-news","tag-featurednews","tag-haigus","tag-headlines","tag-labris","tag-latest-news","tag-latestnews","tag-lindude-gripp","tag-news","tag-podcast","tag-populaarseimad-lood","tag-top-stories","tag-topstories","tag-uldised-uudised","tag-ulukihaigus","tag-uudised","tag-viimased-uudised"],"share_on_mastodon":{"url":"","error":""},"_links":{"self":[{"href":"https:\/\/www.europesays.com\/ee\/wp-json\/wp\/v2\/posts\/148960","targetHints":{"allow":["GET"]}}],"collection":[{"href":"https:\/\/www.europesays.com\/ee\/wp-json\/wp\/v2\/posts"}],"about":[{"href":"https:\/\/www.europesays.com\/ee\/wp-json\/wp\/v2\/types\/post"}],"author":[{"embeddable":true,"href":"https:\/\/www.europesays.com\/ee\/wp-json\/wp\/v2\/users\/2"}],"replies":[{"embeddable":true,"href":"https:\/\/www.europesays.com\/ee\/wp-json\/wp\/v2\/comments?post=148960"}],"version-history":[{"count":0,"href":"https:\/\/www.europesays.com\/ee\/wp-json\/wp\/v2\/posts\/148960\/revisions"}],"wp:featuredmedia":[{"embeddable":true,"href":"https:\/\/www.europesays.com\/ee\/wp-json\/wp\/v2\/media\/148961"}],"wp:attachment":[{"href":"https:\/\/www.europesays.com\/ee\/wp-json\/wp\/v2\/media?parent=148960"}],"wp:term":[{"taxonomy":"category","embeddable":true,"href":"https:\/\/www.europesays.com\/ee\/wp-json\/wp\/v2\/categories?post=148960"},{"taxonomy":"post_tag","embeddable":true,"href":"https:\/\/www.europesays.com\/ee\/wp-json\/wp\/v2\/tags?post=148960"}],"curies":[{"name":"wp","href":"https:\/\/api.w.org\/{rel}","templated":true}]}}