{"id":148980,"date":"2026-04-08T11:20:29","date_gmt":"2026-04-08T11:20:29","guid":{"rendered":"https:\/\/www.europesays.com\/ee\/148980\/"},"modified":"2026-04-08T11:20:29","modified_gmt":"2026-04-08T11:20:29","slug":"lasteaia-ootenimekirja-kaotamine-on-jatnud-paljud-pered-teadmatusse-eesti","status":"publish","type":"post","link":"https:\/\/www.europesays.com\/ee\/148980\/","title":{"rendered":"Lasteaia ootenimekirja kaotamine on j\u00e4tnud paljud pered teadmatusse | Eesti"},"content":{"rendered":"<p>S\u00fcgisel j\u00f5ustunud seadusemuudatus kaotas \u00e4ra lasteaiaj\u00e4rjekorra pidamise, j\u00e4ttes noored pered teadmatusse, kas nad saavad oma lapsele soovitud lasetaiakoha v\u00f5i mitte. Tallinna hinnangul jagub esimest korda pealinna ajaloos s\u00f5imekohti k\u00f5igile soovijatele.<\/p>\n<p>Aastase Arlese ema Eisi M\u00e4eots tahaks s\u00fcgisel t\u00f6\u00f6le minna ja kuigi p\u00f5nn on mitme lasteaia ootenimekirjas, pole perel aimdust, kas ta lasteaiakoha s\u00fcgisel v\u00f5iks saada.<\/p>\n<p>&#8220;Kui ma lapse s\u00fcnnitasin, siis ma panin ta kohe j\u00e4rjekorda kolme lasteaeda ja siis oli kenasti n\u00e4ha need j\u00e4rjekorra numbrid ja oli ka n\u00e4ha milliseid tegevusi selle kohaga toimub, kas keegi loobub, kas keegi tuleb j\u00e4rjekorda uuesti. Aga kui ma n\u00fc\u00fcd paar n\u00e4dalat vaatasin, siis ma avastain koos teiste s\u00f5brannadega, noorte emadega, et enam ei olegi neid j\u00e4rjekorranumbreid,&#8221; lausus Arlese ema Eisi M\u00e4eots.<\/p>\n<p>M\u00e4eots v\u00f5ttis \u00fchendust nii linnaosavalitsuse, haridusameti kui ka lasteaiaga, kuid ei tea siiani, kas ja millises lasteaias tema laps v\u00f5iks koha saada. Tallinna haridusameti juht Kaarel Rundu p\u00f5hjendas j\u00e4rjekorra kadumist mullu s\u00fcgisel muutunud alushariduse seadusega ja n\u00fc\u00fcd ei oma koht lasteaia ootenimekirjas enam mingit t\u00e4htsust.<\/p>\n<p>&#8220;Kohalik omavalitsus peab teatama kaks kuud enne seda m\u00e4rgitud koha vajadust, millises lasteaias see laps saab hakata k\u00e4ima. Seega praegu konkreetne ema ei saagi v\u00f5ib olla teada millises lasteaias, kuna see tema m\u00e4rgitud aeg ei ole k\u00e4tte j\u00f5udmas. Samas on lasteaiad alustanud koha pakkumist varem, et see selgus j\u00f5uaks v\u00f5imalikult kiiresti lapsevanemani,&#8221; s\u00f5nas Tallinna haridusameti juhataja Kaarel Rundu.<\/p>\n<p>Rundu s\u00f5nul oli eelmisel s\u00fcgisel Tallinnas esmakordselt selline olukord, kus lasteaedades oli 1700 vaba kohta ja s\u00f5imer\u00fchma kohti jagus k\u00f5igis linnaosades v\u00e4lja arvatud Pirita. Haridusministeeriumi s\u00f5nul on seadusega paika pandud, et omavalitsus peab kaks kuud enne vanema m\u00e4rgitud aega tagama koha lasteaias.<\/p>\n<p>&#8220;Lapsevanem ei taotle mitte lasteaialt seda kohta, konkreetselt \u00fchelt v\u00f5i teiselt lasteaialt seda kohta, vaid ta taotleb kohalikult omavalitsuselt. Kohalik omavalitsus on kohustatud koha pakkuma, mitte lasteaed,&#8221; \u00fctles haridus- ja teadusministeeriumi alushariduse valdkonna juht Maila Rajamets.<\/p>\n<p>Rajametsa s\u00f5nul v\u00f5ib probleemi \u00fcheks p\u00f5hjuseks olla Tallinna t\u00f6\u00f6korraldus, kus pakkumisi ei tee mitte linn ise, vaid lasteaedade juhid. Nii v\u00f5ib tekkida olukord, kus \u00fcks pere kaalub mitu n\u00e4dalat kolme lasteaia vahel ja teine pere pole saanud samalajal \u00fchtegi pakkumist. Tallinnas hakati lasteaiakohti pakkuma tavap\u00e4rase 1. mai asemel poolest m\u00e4rtsist.<\/p>\n<p>&#8220;Vastu v\u00f5tame kaks r\u00fchma, \u00fcks siis hoiur\u00fchm ja teine, kus on kolmeaastased lapsed ja rohkem ei mahu. Nendesse r\u00fchmadesse oleks palju tahtjaid. J\u00e4rjekorras on v\u00e4ga palju lapsi ja ma arvan, et \u00fcks r\u00fchm veel,&#8221; lausus Tallinna Asunduse lasteaia direktor Julia Nikitina.<\/p>\n<p>Esimestena v\u00f5eti vastu need lapsed, kelle \u00f5ed-vennad juba k\u00e4ivad samas lasteaias ja t\u00e4naseks on nimekiri enam-v\u00e4hem koos.<\/p>\n","protected":false},"excerpt":{"rendered":"S\u00fcgisel j\u00f5ustunud seadusemuudatus kaotas \u00e4ra lasteaiaj\u00e4rjekorra pidamise, j\u00e4ttes noored pered teadmatusse, kas nad saavad oma lapsele soovitud lasetaiakoha&hellip;\n","protected":false},"author":2,"featured_media":148981,"comment_status":"","ping_status":"","sticky":false,"template":"","format":"standard","meta":{"footnotes":"","_share_on_mastodon":"0"},"categories":[80],"tags":[26,27,37,33,35,70123,34,36,31,32,21,70126,17696,7417,70125,28,29,95,70124,19,25,23,24,22,20,30,92,93,94],"class_list":["post-148980","post","type-post","status-publish","format-standard","has-post-thumbnail","category-maailm","tag-breaking-news","tag-breakingnews","tag-ee","tag-eesti","tag-eesti-keel","tag-eisi-maeots","tag-estonia","tag-estonian","tag-featured-news","tag-featurednews","tag-headlines","tag-julia-nikitina","tag-kaarel-rundu","tag-lasteaed","tag-lasteaiajarjekord","tag-latest-news","tag-latestnews","tag-maailm","tag-maila-rajamets","tag-news","tag-populaarseimad-lood","tag-top-stories","tag-topstories","tag-uldised-uudised","tag-uudised","tag-viimased-uudised","tag-world","tag-world-news","tag-worldnews"],"share_on_mastodon":{"url":"https:\/\/pubeurope.com\/@ee\/116368823046524505","error":""},"_links":{"self":[{"href":"https:\/\/www.europesays.com\/ee\/wp-json\/wp\/v2\/posts\/148980","targetHints":{"allow":["GET"]}}],"collection":[{"href":"https:\/\/www.europesays.com\/ee\/wp-json\/wp\/v2\/posts"}],"about":[{"href":"https:\/\/www.europesays.com\/ee\/wp-json\/wp\/v2\/types\/post"}],"author":[{"embeddable":true,"href":"https:\/\/www.europesays.com\/ee\/wp-json\/wp\/v2\/users\/2"}],"replies":[{"embeddable":true,"href":"https:\/\/www.europesays.com\/ee\/wp-json\/wp\/v2\/comments?post=148980"}],"version-history":[{"count":0,"href":"https:\/\/www.europesays.com\/ee\/wp-json\/wp\/v2\/posts\/148980\/revisions"}],"wp:featuredmedia":[{"embeddable":true,"href":"https:\/\/www.europesays.com\/ee\/wp-json\/wp\/v2\/media\/148981"}],"wp:attachment":[{"href":"https:\/\/www.europesays.com\/ee\/wp-json\/wp\/v2\/media?parent=148980"}],"wp:term":[{"taxonomy":"category","embeddable":true,"href":"https:\/\/www.europesays.com\/ee\/wp-json\/wp\/v2\/categories?post=148980"},{"taxonomy":"post_tag","embeddable":true,"href":"https:\/\/www.europesays.com\/ee\/wp-json\/wp\/v2\/tags?post=148980"}],"curies":[{"name":"wp","href":"https:\/\/api.w.org\/{rel}","templated":true}]}}