{"id":149342,"date":"2026-04-08T19:36:11","date_gmt":"2026-04-08T19:36:11","guid":{"rendered":"https:\/\/www.europesays.com\/ee\/149342\/"},"modified":"2026-04-08T19:36:11","modified_gmt":"2026-04-08T19:36:11","slug":"kas-viited-uuele-silmaroomule-liina-raud-personaalne-elu-viib-mind-praegu-palju-new-yorki","status":"publish","type":"post","link":"https:\/\/www.europesays.com\/ee\/149342\/","title":{"rendered":"Kas viited uuele silmar\u00f5\u00f5mule? Liina Raud: personaalne elu viib mind praegu palju New Yorki"},"content":{"rendered":"<p>Chicagos elu sisse seadnud endine n\u00e4itleja Liina Raud andis telesaates m\u00f5ista, et tema uus kaaslane peaks tema lastega h\u00e4sti l\u00e4bi saama ja nende eest hoolitsema. \u201eMa olen otsinud kaaslast, kes saaks kohe mulle abiks olla, et ma saaksin n\u00e4iteks \u00fclikoolis k\u00e4ia,\u201c avaldas Liina, et tulevane partner peaks kohe tema pereeluga \u00fchenduma. <\/p>\n<p>\u201ePersonaalne elu viib mind praegu palju New Yorki&#8230; Eks paistab,\u201c \u00fctles Liina seej\u00e4rel salap\u00e4raselt. \u201eLinna, mis kunagi ei maga. Ma ikka alati m\u00f5tlen sellest nii, et New York on nagu suurep\u00e4rane armastaja. Kohtleb sind v\u00e4ga h\u00e4sti. Seal on k\u00f5ik asjad olemas,\u201c kirjeldas Liina. <\/p>\n<p>\u201eSuured tunded, huvitav elu&#8230;\u201c lisas omalt poolt Liinat intervjueerinud Karmel Killandi. \u201eT\u00e4pselt nii! P\u00f5nev, v\u00e4ga p\u00f5nev!\u201c n\u00f5ustus Liina heatujuliselt.<\/p>\n<p>Aastate eest USAsse kolinud Liina plaanib eeloleva suve veeta Eestis. M\u00f6\u00f6dunud n\u00e4dalavahetusel teatas ta, et otsib omale siin ajutist kodu. Oma kodu Chicagos tahab ta anda suvekuudeks kellegi teise k\u00e4tte. <\/p>\n<p>\u201eVahva oleks kellegi hoolde usaldada oma kiisu, auto, kodu ja taimed ja samuti vastutada kellegi teise ruumi eest Tartus (l\u00e4histel ka OK) v\u00f5i Tallinnas,\u201c kirjeldas ta oma plaani, lisades, et aja valik on paindlik. <\/p>\n<p>Mullu suvel Kroonikale antud intervjuus tunnistas Liina, et ta saab koos lastega USAs elada t\u00e4nu eksabikaasa Mihkel Rauale. \u201eMul on suur tugi Mihkli poolt. Olen t\u00e4nulik, et ta t\u00f6\u00f6tab ja rassib. T\u00e4nu sellele saame meie Ameerikas olla. USA seadused on v\u00e4ga naise poolt. Lahutasime seal, nii et meile kehtisid sealsed seadused (p\u00e4rast lahutust maksab mees naisele n-\u00f6 toimetulekuraha \u2013 toim). Ses m\u00f5ttes olen ma v\u00f5i sees ja r\u00f5hutan, et olen selle eest v\u00e4ga t\u00e4nulik. Mihkel teeb siin t\u00f6\u00f6d ja j\u00f5uab seet\u00f5ttu ka v\u00e4hem Ameerikasse,\u201c s\u00f5nas Liina.<\/p>\n<p>Kuidas see lugu Sind end tundma pani? Saada <a href=\"https:\/\/kroonika.delfi.ee\/artikkel\/120567408\/viited-uuele-silmaroomule-liina-raud-personaalne-elu-viib-mind-praegu-palju-new-yorki\/kommentaarid\" class=\"article-body-bottom__comment article-body-bottom__comment--write button button--primary button--size-auto\" rel=\"nofollow noopener\" target=\"_blank\"> Kommenteeri <\/a><a href=\"https:\/\/kroonika.delfi.ee\/artikkel\/120567408\/viited-uuele-silmaroomule-liina-raud-personaalne-elu-viib-mind-praegu-palju-new-yorki\/kommentaarid\" class=\"article-body-bottom__comment article-body-bottom__comment--read button button--size-auto\" rel=\"nofollow noopener\" target=\"_blank\"> Loe kommentaare (16)<\/a><\/p>\n","protected":false},"excerpt":{"rendered":"Chicagos elu sisse seadnud endine n\u00e4itleja Liina Raud andis telesaates m\u00f5ista, et tema uus kaaslane peaks tema lastega&hellip;\n","protected":false},"author":2,"featured_media":149343,"comment_status":"","ping_status":"","sticky":false,"template":"","format":"standard","meta":{"footnotes":"","_share_on_mastodon":"0"},"categories":[12],"tags":[26,27,37,33,35,34,36,31,32,21,28,29,4632,19,25,23,24,22,20,30],"class_list":["post-149342","post","type-post","status-publish","format-standard","has-post-thumbnail","category-eesti","tag-breaking-news","tag-breakingnews","tag-ee","tag-eesti","tag-eesti-keel","tag-estonia","tag-estonian","tag-featured-news","tag-featurednews","tag-headlines","tag-latest-news","tag-latestnews","tag-liina-raud","tag-news","tag-populaarseimad-lood","tag-top-stories","tag-topstories","tag-uldised-uudised","tag-uudised","tag-viimased-uudised"],"share_on_mastodon":{"url":"https:\/\/pubeurope.com\/@ee\/116370773403010749","error":""},"_links":{"self":[{"href":"https:\/\/www.europesays.com\/ee\/wp-json\/wp\/v2\/posts\/149342","targetHints":{"allow":["GET"]}}],"collection":[{"href":"https:\/\/www.europesays.com\/ee\/wp-json\/wp\/v2\/posts"}],"about":[{"href":"https:\/\/www.europesays.com\/ee\/wp-json\/wp\/v2\/types\/post"}],"author":[{"embeddable":true,"href":"https:\/\/www.europesays.com\/ee\/wp-json\/wp\/v2\/users\/2"}],"replies":[{"embeddable":true,"href":"https:\/\/www.europesays.com\/ee\/wp-json\/wp\/v2\/comments?post=149342"}],"version-history":[{"count":0,"href":"https:\/\/www.europesays.com\/ee\/wp-json\/wp\/v2\/posts\/149342\/revisions"}],"wp:featuredmedia":[{"embeddable":true,"href":"https:\/\/www.europesays.com\/ee\/wp-json\/wp\/v2\/media\/149343"}],"wp:attachment":[{"href":"https:\/\/www.europesays.com\/ee\/wp-json\/wp\/v2\/media?parent=149342"}],"wp:term":[{"taxonomy":"category","embeddable":true,"href":"https:\/\/www.europesays.com\/ee\/wp-json\/wp\/v2\/categories?post=149342"},{"taxonomy":"post_tag","embeddable":true,"href":"https:\/\/www.europesays.com\/ee\/wp-json\/wp\/v2\/tags?post=149342"}],"curies":[{"name":"wp","href":"https:\/\/api.w.org\/{rel}","templated":true}]}}