{"id":149505,"date":"2026-04-09T05:05:07","date_gmt":"2026-04-09T05:05:07","guid":{"rendered":"https:\/\/www.europesays.com\/ee\/149505\/"},"modified":"2026-04-09T05:05:07","modified_gmt":"2026-04-09T05:05:07","slug":"uued-detailid-porgulikust-pulmapaevast-brooklyn-beckham-elas-oma-pulmas-ule-alandava-seiga-mis-seotud-tema-isa-davidiga","status":"publish","type":"post","link":"https:\/\/www.europesays.com\/ee\/149505\/","title":{"rendered":"Uued detailid p\u00f5rgulikust pulmap\u00e4evast! Brooklyn Beckham elas oma pulmas \u00fcle alandava seiga, mis seotud tema isa Davidiga"},"content":{"rendered":"<p><img decoding=\"async\" src=\"https:\/\/www.europesays.com\/ee\/wp-content\/uploads\/2026\/04\/85c55f4e-cd42-466c-b1e2-104acb389709.jpg\" loading=\"lazy\" alt=\"Brooklyn Beckham ja David Beckham\"\/><\/p>\n<p>Brooklyn Beckham ja David Beckham<\/p>\n<p>FOTO: ED\/CE\/KentandCurwen\/TCS| Vida Press<\/p>\n<p>Beckhamite perekonna vastasseis sai alguse t\u00e4navu jaanuaris, kui perepoeg Brooklyn avaldas sotsiaalmeedias, kuidas tema ema talle pulmap\u00e4eval piinlikkust valmistas. N\u00fc\u00fcd on Brooklyni p\u00f5rgulikust pulmap\u00e4evast tulnud ilmsiks uued detailid ning selgunud, et noormees pidi t\u00e4htsal p\u00e4eval taluma ka alandust, mis seotud tema isa Davidiga. <\/p>\n","protected":false},"excerpt":{"rendered":"Brooklyn Beckham ja David Beckham FOTO: ED\/CE\/KentandCurwen\/TCS| Vida Press Beckhamite perekonna vastasseis sai alguse t\u00e4navu jaanuaris, kui perepoeg&hellip;\n","protected":false},"author":2,"featured_media":149506,"comment_status":"","ping_status":"","sticky":false,"template":"","format":"standard","meta":{"footnotes":"","_share_on_mastodon":"0"},"categories":[18],"tags":[8541,1561,37,33,35,34,36,44165,159,158,1562],"class_list":["post-149505","post","type-post","status-publish","format-standard","has-post-thumbnail","category-sport","tag-brooklyn-beckham","tag-david-beckham","tag-ee","tag-eesti","tag-eesti-keel","tag-estonia","tag-estonian","tag-nicola-peltz","tag-sport","tag-sports","tag-victoria-beckham"],"share_on_mastodon":{"url":"https:\/\/pubeurope.com\/@ee\/116373010879093116","error":""},"_links":{"self":[{"href":"https:\/\/www.europesays.com\/ee\/wp-json\/wp\/v2\/posts\/149505","targetHints":{"allow":["GET"]}}],"collection":[{"href":"https:\/\/www.europesays.com\/ee\/wp-json\/wp\/v2\/posts"}],"about":[{"href":"https:\/\/www.europesays.com\/ee\/wp-json\/wp\/v2\/types\/post"}],"author":[{"embeddable":true,"href":"https:\/\/www.europesays.com\/ee\/wp-json\/wp\/v2\/users\/2"}],"replies":[{"embeddable":true,"href":"https:\/\/www.europesays.com\/ee\/wp-json\/wp\/v2\/comments?post=149505"}],"version-history":[{"count":0,"href":"https:\/\/www.europesays.com\/ee\/wp-json\/wp\/v2\/posts\/149505\/revisions"}],"wp:featuredmedia":[{"embeddable":true,"href":"https:\/\/www.europesays.com\/ee\/wp-json\/wp\/v2\/media\/149506"}],"wp:attachment":[{"href":"https:\/\/www.europesays.com\/ee\/wp-json\/wp\/v2\/media?parent=149505"}],"wp:term":[{"taxonomy":"category","embeddable":true,"href":"https:\/\/www.europesays.com\/ee\/wp-json\/wp\/v2\/categories?post=149505"},{"taxonomy":"post_tag","embeddable":true,"href":"https:\/\/www.europesays.com\/ee\/wp-json\/wp\/v2\/tags?post=149505"}],"curies":[{"name":"wp","href":"https:\/\/api.w.org\/{rel}","templated":true}]}}