{"id":149590,"date":"2026-04-09T07:19:06","date_gmt":"2026-04-09T07:19:06","guid":{"rendered":"https:\/\/www.europesays.com\/ee\/149590\/"},"modified":"2026-04-09T07:19:06","modified_gmt":"2026-04-09T07:19:06","slug":"trump-kui-iraan-toelisest-kokkuleppest-kinni-ei-pea-algab-koigi-aegade-suurim-tulistamine","status":"publish","type":"post","link":"https:\/\/www.europesays.com\/ee\/149590\/","title":{"rendered":"Trump: kui Iraan \u201et\u00f5elisest kokkuleppest\u201c kinni ei pea, algab k\u00f5igi aegade suurim tulistamine"},"content":{"rendered":"<p>\u201eK\u00f5ik USA Laevad, Lennukid ja S\u00f5jav\u00e4e Isikkoosseis koos t\u00e4iendava Laskemoona, Relvastuse ja k\u00f5ige muuga, mis on asjakohane ja vajalik juba oluliselt degradeeritud Vaenlase surmavaks s\u00fc\u00fcdim\u00f5istmiseks ja h\u00e4vitamiseks, j\u00e4\u00e4vad kohale ja Iraani \u00fcmber kuni sellise ajani, kui saavutatud T\u00d5ELISEST KOKKULEPPEST t\u00e4ielikult kinni peetakse. Kui seda mingil p\u00f5hjusel ei tehta, mis on \u00fclimalt ebat\u00f5en\u00e4oline, siis \u201eTulistamine Algab\u201c, suurem ja parem ja tugevam, kui keegi on kunagi varem n\u00e4inud. See lepiti kokku kaua aega tagasi ja vaatamata kogu valeretoorikale vastupidise kohta \u2013 EI MINGEID TUUMARELVI ja <a rel=\"noopener nofollow\" target=\"_blank\" href=\"https:\/\/www.delfi.ee\/teema\/96870700\/hormuzi-vain\" tag-id=\"96870700\">Hormuzi v\u00e4in<\/a> SAAB OLEMA AVATUD &amp; OHUTU. Vahepeal meie suurep\u00e4rane S\u00f5jav\u00e4gi Laeb ja Puhkab, oodates tegelikult oma j\u00e4rgmist Vallutust. AMEERIKA ON TAGASI!\u201c kirjutas Trump.<\/p>\n<p>Teated USA ja Iraani vahel s\u00f5lmitud kahen\u00e4dalase relvarahu kohta on olnud vastuolulised. Erimeelsused keskenduvad 10-punktise plaani erinevate versioonide \u00fcmber, vahendab BBC News.<\/p>\n<p>Trump v\u00e4idab, et \u201eon ainult \u00fcks grupp t\u00e4hendust omavaid \u201ePUNKTE\u201c, mis on USA-le vastuv\u00f5etavad\u201c.<\/p>\n<p>T\u00f5eline kokkulepe t\u00e4hendab Trumpi jaoks \u201eEI MINGEID TUUMARELVI ja Hormuzi v\u00e4in SAAB OLEMA AVATUD &amp; OHUTU\u201c.<\/p>\n<p>Iraani poolelt on olnud mitmeid versioone.<\/p>\n<p>Iraani riigimeedia avaldas neist \u00fche, mis sisaldas s\u00f5jategevuse l\u00f5ppu Iraanis, Iraagis, <a rel=\"noopener nofollow\" target=\"_blank\" href=\"https:\/\/www.delfi.ee\/teema\/56816194\/jeemen\" tag-id=\"56816194\">Jeemenis<\/a> ja <a rel=\"noopener nofollow\" target=\"_blank\" href=\"https:\/\/www.delfi.ee\/teema\/27443525\/liibanon\" tag-id=\"27443525\">Liibanonis<\/a>, Hormuzi v\u00e4ina taasavamist ja USA sanktsioonide kaotamist.<\/p>\n<p>Hiljem ilmus v\u00e4lja Iraani julgeoleku \u00fclemn\u00f5ukogu 10-punktine plaan, milles lisati uraani rikastamise \u00f5igus ja <a rel=\"noopener nofollow\" target=\"_blank\" href=\"https:\/\/www.delfi.ee\/teema\/35419585\/teheran\" tag-id=\"35419585\">Teherani<\/a> kontrolli s\u00e4ilitamine Hormuzi v\u00e4ina \u00fcle.<\/p>\n<p>Uraani rikastamise \u00f5iguse n\u00f5udmine kadus p\u00e4rast julgeolekun\u00f5ukogu avalduse t\u00f5lkest inglise keelde.<\/p>\n<p>Trumpi postituses ei mainita, et relvarahu h\u00f5lmaks ka Liibanoni, mis on samuti olnud \u00fcks p\u00f5hiline relvarahu tingimuste vaidlusalune punkt.<\/p>\n<p>Kuidas see lugu Sind end tundma pani? Saada <a href=\"https:\/\/www.delfi.ee\/artikkel\/120567475\/trump-kui-iraan-toelisest-kokkuleppest-kinni-ei-pea-algab-koigi-aegade-suurim-tulistamine\/kommentaarid\" class=\"article-body-bottom__comment article-body-bottom__comment--write button button--primary button--size-auto\" rel=\"nofollow noopener\" target=\"_blank\"> Kommenteeri <\/a><a href=\"https:\/\/www.delfi.ee\/artikkel\/120567475\/trump-kui-iraan-toelisest-kokkuleppest-kinni-ei-pea-algab-koigi-aegade-suurim-tulistamine\/kommentaarid\" class=\"article-body-bottom__comment article-body-bottom__comment--read button button--size-auto\" rel=\"nofollow noopener\" target=\"_blank\"> Loe kommentaare (26)<\/a><\/p>\n","protected":false},"excerpt":{"rendered":"\u201eK\u00f5ik USA Laevad, Lennukid ja S\u00f5jav\u00e4e Isikkoosseis koos t\u00e4iendava Laskemoona, Relvastuse ja k\u00f5ige muuga, mis on asjakohane ja&hellip;\n","protected":false},"author":2,"featured_media":149591,"comment_status":"","ping_status":"","sticky":false,"template":"","format":"standard","meta":{"footnotes":"","_share_on_mastodon":"0"},"categories":[80],"tags":[26,27,324,37,33,35,34,36,31,32,21,46527,4882,1925,4032,28,29,968,95,19,25,5272,23,24,22,325,20,30,92,93,94],"class_list":["post-149590","post","type-post","status-publish","format-standard","has-post-thumbnail","category-maailm","tag-breaking-news","tag-breakingnews","tag-donald-trump","tag-ee","tag-eesti","tag-eesti-keel","tag-estonia","tag-estonian","tag-featured-news","tag-featurednews","tag-headlines","tag-hormuzi-vain","tag-iraak","tag-iraan","tag-jeemen","tag-latest-news","tag-latestnews","tag-liibanon","tag-maailm","tag-news","tag-populaarseimad-lood","tag-teheran","tag-top-stories","tag-topstories","tag-uldised-uudised","tag-usa","tag-uudised","tag-viimased-uudised","tag-world","tag-world-news","tag-worldnews"],"share_on_mastodon":{"url":"https:\/\/pubeurope.com\/@ee\/116373537728626561","error":""},"_links":{"self":[{"href":"https:\/\/www.europesays.com\/ee\/wp-json\/wp\/v2\/posts\/149590","targetHints":{"allow":["GET"]}}],"collection":[{"href":"https:\/\/www.europesays.com\/ee\/wp-json\/wp\/v2\/posts"}],"about":[{"href":"https:\/\/www.europesays.com\/ee\/wp-json\/wp\/v2\/types\/post"}],"author":[{"embeddable":true,"href":"https:\/\/www.europesays.com\/ee\/wp-json\/wp\/v2\/users\/2"}],"replies":[{"embeddable":true,"href":"https:\/\/www.europesays.com\/ee\/wp-json\/wp\/v2\/comments?post=149590"}],"version-history":[{"count":0,"href":"https:\/\/www.europesays.com\/ee\/wp-json\/wp\/v2\/posts\/149590\/revisions"}],"wp:featuredmedia":[{"embeddable":true,"href":"https:\/\/www.europesays.com\/ee\/wp-json\/wp\/v2\/media\/149591"}],"wp:attachment":[{"href":"https:\/\/www.europesays.com\/ee\/wp-json\/wp\/v2\/media?parent=149590"}],"wp:term":[{"taxonomy":"category","embeddable":true,"href":"https:\/\/www.europesays.com\/ee\/wp-json\/wp\/v2\/categories?post=149590"},{"taxonomy":"post_tag","embeddable":true,"href":"https:\/\/www.europesays.com\/ee\/wp-json\/wp\/v2\/tags?post=149590"}],"curies":[{"name":"wp","href":"https:\/\/api.w.org\/{rel}","templated":true}]}}