{"id":149599,"date":"2026-04-09T07:41:11","date_gmt":"2026-04-09T07:41:11","guid":{"rendered":"https:\/\/www.europesays.com\/ee\/149599\/"},"modified":"2026-04-09T07:41:11","modified_gmt":"2026-04-09T07:41:11","slug":"trump-arutab-ruttega-natost-lahkumise-voimalust","status":"publish","type":"post","link":"https:\/\/www.europesays.com\/ee\/149599\/","title":{"rendered":"Trump arutab Ruttega NATOst lahkumise v\u00f5imalust"},"content":{"rendered":"<p>Valge Maja teatas eile, et Ameerika \u00dchendriikide president Donald Trump arutab NATO peasekret\u00e4ri Mark Ruttega alliansist lahkumise v\u00f5imalust. Eile toimunud kohtumise j\u00e4rel k\u00f5neluste sisu ei avaldatud.<\/p>\n<p>Valge Maja pressiesindaja Karoline Leavitt teatas eile \u00f5htul, et Trumpi s\u00f5nul on NATO Iraani k\u00fcsimuses \u00dchendriikidele selja p\u00f6\u00f6ranud ja seet\u00f5ttu arutatakse Ruttega v\u00f5imalust alliansist lahkumiseks.<\/p>\n","protected":false},"excerpt":{"rendered":"Valge Maja teatas eile, et Ameerika \u00dchendriikide president Donald Trump arutab NATO peasekret\u00e4ri Mark Ruttega alliansist lahkumise v\u00f5imalust.&hellip;\n","protected":false},"author":2,"featured_media":149600,"comment_status":"","ping_status":"","sticky":false,"template":"","format":"standard","meta":{"footnotes":"","_share_on_mastodon":"0"},"categories":[80],"tags":[587,70502,26,27,324,37,33,35,34,36,70501,31,32,2409,21,46527,1925,3303,28,29,95,3614,54,66635,54612,68098,70499,19,70503,25,56707,264,23,24,70500,22,66637,20,1900,30,92,93,94],"class_list":["post-149599","post","type-post","status-publish","format-standard","has-post-thumbnail","category-maailm","tag-ameerika-uhendriigid","tag-baaside-ja-logistika-kasutamine","tag-breaking-news","tag-breakingnews","tag-donald-trump","tag-ee","tag-eesti","tag-eesti-keel","tag-estonia","tag-estonian","tag-euroopa-riikide-toetus-usa-le","tag-featured-news","tag-featurednews","tag-groonimaa","tag-headlines","tag-hormuzi-vain","tag-iraan","tag-karoline-leavitt","tag-latest-news","tag-latestnews","tag-maailm","tag-mark-rutte","tag-nato","tag-nato-kriitika","tag-nato-liitlased","tag-nato-peasekretar","tag-natost-lahkumine","tag-news","tag-ohuruumi-kasutamine","tag-populaarseimad-lood","tag-sojaline-operatsioon-iraani-vastu","tag-taani","tag-top-stories","tag-topstories","tag-trumpi-ahvardus-natost-lahkuda","tag-uldised-uudised","tag-usa-ja-nato-suhted","tag-uudised","tag-valge-maja","tag-viimased-uudised","tag-world","tag-world-news","tag-worldnews"],"share_on_mastodon":{"url":"","error":"Validation failed: Text character limit of 500 exceeded"},"_links":{"self":[{"href":"https:\/\/www.europesays.com\/ee\/wp-json\/wp\/v2\/posts\/149599","targetHints":{"allow":["GET"]}}],"collection":[{"href":"https:\/\/www.europesays.com\/ee\/wp-json\/wp\/v2\/posts"}],"about":[{"href":"https:\/\/www.europesays.com\/ee\/wp-json\/wp\/v2\/types\/post"}],"author":[{"embeddable":true,"href":"https:\/\/www.europesays.com\/ee\/wp-json\/wp\/v2\/users\/2"}],"replies":[{"embeddable":true,"href":"https:\/\/www.europesays.com\/ee\/wp-json\/wp\/v2\/comments?post=149599"}],"version-history":[{"count":0,"href":"https:\/\/www.europesays.com\/ee\/wp-json\/wp\/v2\/posts\/149599\/revisions"}],"wp:featuredmedia":[{"embeddable":true,"href":"https:\/\/www.europesays.com\/ee\/wp-json\/wp\/v2\/media\/149600"}],"wp:attachment":[{"href":"https:\/\/www.europesays.com\/ee\/wp-json\/wp\/v2\/media?parent=149599"}],"wp:term":[{"taxonomy":"category","embeddable":true,"href":"https:\/\/www.europesays.com\/ee\/wp-json\/wp\/v2\/categories?post=149599"},{"taxonomy":"post_tag","embeddable":true,"href":"https:\/\/www.europesays.com\/ee\/wp-json\/wp\/v2\/tags?post=149599"}],"curies":[{"name":"wp","href":"https:\/\/api.w.org\/{rel}","templated":true}]}}