{"id":149941,"date":"2026-04-09T14:27:10","date_gmt":"2026-04-09T14:27:10","guid":{"rendered":"https:\/\/www.europesays.com\/ee\/149941\/"},"modified":"2026-04-09T14:27:10","modified_gmt":"2026-04-09T14:27:10","slug":"trauma-peatas-sabalenka-hea-hoo-ja-liivahooaja-algus-venib-tennis","status":"publish","type":"post","link":"https:\/\/www.europesays.com\/ee\/149941\/","title":{"rendered":"Trauma peatas Sabalenka hea hoo ja liivahooaja algus venib | Tennis"},"content":{"rendered":"<p>Hiljuti j\u00e4rjest kaks k\u00f5rgetasemelist Ameerika \u00dchendriikide turniiri v\u00f5itnud tennise naiste maailma esinumber Arina Sabalenka loobub oma liivahooaja esimesest v\u00f5istlusest Stuttgartis.<\/p>\n<p>27-aastane Sabalenka v\u00f5itis m\u00e4rtsis nii Indian Wellsis kui ka Miamis. Temast sai viies naine, kes v\u00f5itnud &#8220;p\u00e4ikeselise duubli&#8221; kaks korda j\u00e4rjest.<\/p>\n<p>&#8220;Kahjuks sain p\u00e4rast Miamit vigastada ja kuigi proovisin k\u00f5ike, et k\u00f5igeks ajaks taastuda, siis pole ma veel v\u00f5istlemiseks valmis,&#8221; teatas Sabalenka \u00fchismeedia vahendusel.<\/p>\n<p>Stuttgarti turniir on tema jaoks m\u00e4rgiline, aga mitte k\u00f5ige positiivsemas v\u00f5tmes. Ta on viimastel aastatel neljal korral finaali j\u00f5udnud, kuid selle alati kaotanud: 2021. aastal Ashleigh Bartyle, 2022. ja 2023. aastal Iga Swiatekile ning mullu Jelena Ostapenkole.<\/p>\n<p>&#8220;Mulle on alati meeldinud Suttgarti tulla. See atmosf\u00e4\u00e4r, f\u00e4nnid ja toetus on minu jaoks v\u00e4ga erilised,&#8221; j\u00e4tkas Sabalenka. &#8220;Ja muidugi lootsin v\u00e4ga, et saan veel \u00fche v\u00f5imaluse.&#8221;<\/p>\n<p>Stuttgarti lahtised meistriv\u00f5istlused saavad alguse esmasp\u00e4eval, 13. aprillil.<\/p>\n","protected":false},"excerpt":{"rendered":"Hiljuti j\u00e4rjest kaks k\u00f5rgetasemelist Ameerika \u00dchendriikide turniiri v\u00f5itnud tennise naiste maailma esinumber Arina Sabalenka loobub oma liivahooaja esimesest&hellip;\n","protected":false},"author":2,"featured_media":149942,"comment_status":"","ping_status":"","sticky":false,"template":"","format":"standard","meta":{"footnotes":"","_share_on_mastodon":"0"},"categories":[18],"tags":[10265,37,33,35,34,36,159,158,1003,7270],"class_list":["post-149941","post","type-post","status-publish","format-standard","has-post-thumbnail","category-sport","tag-arina-sabalenka","tag-ee","tag-eesti","tag-eesti-keel","tag-estonia","tag-estonian","tag-sport","tag-sports","tag-stuttgart","tag-wta-tour"],"share_on_mastodon":{"url":"https:\/\/pubeurope.com\/@ee\/116375220874266913","error":""},"_links":{"self":[{"href":"https:\/\/www.europesays.com\/ee\/wp-json\/wp\/v2\/posts\/149941","targetHints":{"allow":["GET"]}}],"collection":[{"href":"https:\/\/www.europesays.com\/ee\/wp-json\/wp\/v2\/posts"}],"about":[{"href":"https:\/\/www.europesays.com\/ee\/wp-json\/wp\/v2\/types\/post"}],"author":[{"embeddable":true,"href":"https:\/\/www.europesays.com\/ee\/wp-json\/wp\/v2\/users\/2"}],"replies":[{"embeddable":true,"href":"https:\/\/www.europesays.com\/ee\/wp-json\/wp\/v2\/comments?post=149941"}],"version-history":[{"count":0,"href":"https:\/\/www.europesays.com\/ee\/wp-json\/wp\/v2\/posts\/149941\/revisions"}],"wp:featuredmedia":[{"embeddable":true,"href":"https:\/\/www.europesays.com\/ee\/wp-json\/wp\/v2\/media\/149942"}],"wp:attachment":[{"href":"https:\/\/www.europesays.com\/ee\/wp-json\/wp\/v2\/media?parent=149941"}],"wp:term":[{"taxonomy":"category","embeddable":true,"href":"https:\/\/www.europesays.com\/ee\/wp-json\/wp\/v2\/categories?post=149941"},{"taxonomy":"post_tag","embeddable":true,"href":"https:\/\/www.europesays.com\/ee\/wp-json\/wp\/v2\/tags?post=149941"}],"curies":[{"name":"wp","href":"https:\/\/api.w.org\/{rel}","templated":true}]}}