{"id":150232,"date":"2026-04-09T22:21:08","date_gmt":"2026-04-09T22:21:08","guid":{"rendered":"https:\/\/www.europesays.com\/ee\/150232\/"},"modified":"2026-04-09T22:21:08","modified_gmt":"2026-04-09T22:21:08","slug":"kahju-kuusk-mangis-kaheksavaravalises-ponevuslahingus-aga-jai-karikafinaali-ukse-taha-soccernet-ee","status":"publish","type":"post","link":"https:\/\/www.europesays.com\/ee\/150232\/","title":{"rendered":"Kahju! Kuusk m\u00e4ngis kaheksav\u00e4ravalises p\u00f5nevuslahingus, aga j\u00e4i karikafinaali ukse taha &#8211; Soccernet.ee"},"content":{"rendered":"<p><img decoding=\"async\" src=\"https:\/\/www.europesays.com\/ee\/wp-content\/uploads\/2026\/04\/1775763155.jpg\" alt=\"M\u00e4rten Kuusk. Foto: Scanpix \/ Dariusz Hermiersz \/ Newspix via ZU\"\/>&#13;\n<\/p>\n<p>Eesti koondise keskkaitsja M\u00e4rten Kuuse koduklubi Katowice sai Poola karikav\u00f5istluste poolfinaalis valusa kaotuse, j\u00e4\u00e4des 4:4 viigi j\u00e4rel penaltiseerias 2:4 alla\u00a0Czestochowa Rakowile.<\/p>\n<p>Katowice asus poolfinaali esimese poolaja keskel juhtima ja suurendas m\u00f5ned minutid enne poolajavilet penaltist eduseisu kahev\u00e4ravaliseks. 2:0 edu sulas teise poolaja alguses kiiresti, sest Rakow j\u00f5udis 47. ja 49. minuti v\u00e4ravatest 2:2 viigini. Kuusk alustas kohtumist pingilt, aga sekkus 56. minutil vahetusest, sest keskkaitsja Lukas Klemenz ei saanud vigastuse t\u00f5ttu j\u00e4tkata.&#13;\n<\/p>\n<p>Kuusk m\u00e4ngis k\u00fcmmekond minutit hiljem oma karistusalas palli k\u00e4ega ja peakohtunik m\u00e4\u00e4ras Rakowi kasuks penalti. Katowice v\u00e4ravavaht Dawid Kudla k\u00fcll t\u00f5rjus penalti, aga sellele j\u00e4rgnenud olukorras sai Rakow palli siiski v\u00e4ravasse. 2:3 kaotusseisu j\u00e4\u00e4nud Katowice asus jahtima viigiv\u00e4ravat ja j\u00f5udis selleni 90+4. minutil. Lisaajal haaras Rakow 112. minuti tabamusest uuesti juhtohjad, aga Katowice l\u00f5i neli minutit hiljem l\u00f5ppseisuks 4:4.&#13;\n<\/p>\n<p>Seega selgus edasip\u00e4\u00e4seja penaltiseerias, kus kerkis kangelaseks Rakowi v\u00e4ravavaht\u00a0Oliwier Zych, kes t\u00f5rjus Katowice kolmanda ja neljanda l\u00f6\u00f6gi. Kuusk penaltiseerias ei osalenud.<\/p>\n<p>Rakow kohtub 2. mail Varssavis toimuvas finaalis\u00a0Zabrze Gornikuga, kes alistas poolfinaalis 1:0 tugevuselt neljandas liigas m\u00e4ngiva\u00a0Bydgoszczi Zawisza. Gorniku ridadesse kuulub alates 2021. aastast endine Saksamaa koondise r\u00fcndaja Lukas Podolski, kes t\u00e4navu juunis saab 41-aastaseks.&#13;\n<\/p>\n<p>Katowice alistas 1\/32-finaalis lisaajal 4:2 Plocki Wisla (k\u00f5rgliiga), 1\/16-finaalis 2:1 LKS Lodzi (esiliiga), kaheksandikfinaalis 3:1 Bialystoki Jagiellonia (k\u00f5rgliiga), veerandfinaalis 1:1 viigi j\u00e4rel penaltiseerias Widzewi Lodzi (k\u00f5rgliiga) ja kaotas poolfinaalis 4:4 viigi j\u00e4rel penaltiseerias Rakowile (k\u00f5rgliiga).&#13;\n<\/p>\n<p>Katowice j\u00e4rgmine m\u00e4ng toimub 12. aprillil, kui Poola k\u00f5rgliigas minnakse v\u00f5\u00f5rsil vastamisi tabeliliidri Poznani Lechiga. Katowice paikneb seitse vooru enne hooaja l\u00f5ppu seitsmendal kohal, aga kaotades n\u00e4iteks liidrile kuue ja teisele kohale vaid kolme punktiga.&#13;<\/p>\n","protected":false},"excerpt":{"rendered":"&#13; Eesti koondise keskkaitsja M\u00e4rten Kuuse koduklubi Katowice sai Poola karikav\u00f5istluste poolfinaalis valusa kaotuse, j\u00e4\u00e4des 4:4 viigi j\u00e4rel&hellip;\n","protected":false},"author":2,"featured_media":150191,"comment_status":"","ping_status":"","sticky":false,"template":"","format":"standard","meta":{"footnotes":"","_share_on_mastodon":"0"},"categories":[18],"tags":[37,33,35,34,36,3092,3093,3095,111,29000,29002,159,158],"class_list":["post-150232","post","type-post","status-publish","format-standard","has-post-thumbnail","category-sport","tag-ee","tag-eesti","tag-eesti-keel","tag-estonia","tag-estonian","tag-katowice","tag-kuusk","tag-marten-kuusk","tag-poola","tag-poola-karikas","tag-poola-karikavoistlused","tag-sport","tag-sports"],"share_on_mastodon":{"url":"https:\/\/pubeurope.com\/@ee\/116377084400837333","error":""},"_links":{"self":[{"href":"https:\/\/www.europesays.com\/ee\/wp-json\/wp\/v2\/posts\/150232","targetHints":{"allow":["GET"]}}],"collection":[{"href":"https:\/\/www.europesays.com\/ee\/wp-json\/wp\/v2\/posts"}],"about":[{"href":"https:\/\/www.europesays.com\/ee\/wp-json\/wp\/v2\/types\/post"}],"author":[{"embeddable":true,"href":"https:\/\/www.europesays.com\/ee\/wp-json\/wp\/v2\/users\/2"}],"replies":[{"embeddable":true,"href":"https:\/\/www.europesays.com\/ee\/wp-json\/wp\/v2\/comments?post=150232"}],"version-history":[{"count":0,"href":"https:\/\/www.europesays.com\/ee\/wp-json\/wp\/v2\/posts\/150232\/revisions"}],"wp:featuredmedia":[{"embeddable":true,"href":"https:\/\/www.europesays.com\/ee\/wp-json\/wp\/v2\/media\/150191"}],"wp:attachment":[{"href":"https:\/\/www.europesays.com\/ee\/wp-json\/wp\/v2\/media?parent=150232"}],"wp:term":[{"taxonomy":"category","embeddable":true,"href":"https:\/\/www.europesays.com\/ee\/wp-json\/wp\/v2\/categories?post=150232"},{"taxonomy":"post_tag","embeddable":true,"href":"https:\/\/www.europesays.com\/ee\/wp-json\/wp\/v2\/tags?post=150232"}],"curies":[{"name":"wp","href":"https:\/\/api.w.org\/{rel}","templated":true}]}}