{"id":150298,"date":"2026-04-10T03:55:08","date_gmt":"2026-04-10T03:55:08","guid":{"rendered":"https:\/\/www.europesays.com\/ee\/150298\/"},"modified":"2026-04-10T03:55:08","modified_gmt":"2026-04-10T03:55:08","slug":"usa-ja-vatikani-tuli-suveneb-trumpi-ametnik-pidas-vatikanile-paavsti-seisukohtade-osas-loengu","status":"publish","type":"post","link":"https:\/\/www.europesays.com\/ee\/150298\/","title":{"rendered":"USA ja Vatikani t\u00fcli s\u00fcveneb: Trumpi ametnik pidas Vatikanile paavsti seisukohtade osas loengu"},"content":{"rendered":"<p>Jaanuaris kutsus Pentagoni poliitikajuht Elbridge Colby vaibale kardinal Christophe Pierre\u2019i. Colby olevat kardinalile \u00f6elnud, et USA-l on s\u00f5jaline j\u00f5ud teha, mida iganes nad soovivad. Samuti soovitas ta, et USA p\u00e4ritolu paavst Leo XIV asuks toetama president Trumpi, \u00fctlesid Vatikani ametnikud v\u00e4ljaandele.<\/p>\n<p>Pingete eskaleerudes viitas \u00fcks USA ametnik k\u00f5nelustel Avignoni vangip\u00f5lvele \u2013 perioodile 14. sajandil, mil Prantsuse monarhia kasutas oma s\u00f5jalist j\u00f5udu paavsti allutamiseks. Selle mainimist on laialdaselt t\u00f5lgendatud kui USA otsest \u00e4hvardust Vatikani vastu.<\/p>\n<p>Kohtumisel olevat USA ametnikud kritiseerinud paavsti jaanuarikuist k\u00f5net, mida n\u00e4hti vaenuliku r\u00fcnnakuna Trumpi poliitika vastu. \u201eDialoogi edendav ja k\u00f5igi osapoolte vahel konsensust otsiv diplomaatia on asendumas j\u00f5ule tugineva diplomaatiaga, mida rakendavad kas \u00fcksikisikud v\u00f5i liitlasr\u00fchmad,\u201c \u00fctles paavst l\u00f5igus, mis polnud ametnikele meelep\u00e4rane.<\/p>\n<p>Pentagoni pressiesindaja s\u00f5nul oli Free Pressi iseloomustus kohtumisest liialdus. \u201ePentagoni ja Vatikani ametnike kohtumine oli lugupidav ja arutelu m\u00f5istlik,\u201c lisas ta.<\/p>\n<p>USA asepresident J. D. Vance lubas olukorda uurida. \u201eTegelikult tahaksin ma r\u00e4\u00e4kida kardinal Cristophe Pierre\u2019iga ja ausalt \u00f6eldes ka meie inimestega, et v\u00e4lja selgitada, mis tegelikult juhtus,\u201c \u00fctles Vance kolmap\u00e4eval ajakirjanikele.<\/p>\n<p>Trumpile h\u00e4\u00e4lekalt vastu seisnud paavsti suhted USA ametnikega halvenesid kiiresti p\u00e4rast paavsti ametisse vannutamist m\u00f6\u00f6dunud kevadel. Valge Maja kutsus paavsti k\u00fclla t\u00e4histama USA 250. aastap\u00e4eva, kuid ta otsustas reisist loobuda. \u00dche Vatikani ametniku s\u00f5nul ei pruugi Paavst USA-d Trumpi ametiajal k\u00fclastada.<\/p>\n<p>Paavsti kriitika muutus sel n\u00e4dalal veel teravamaks p\u00e4rast Trumpi teadet, kus ta \u00e4hvardas terve Iraani tsivilisatsiooni surmaga. \u00c4hvardus on vastuv\u00f5etamatu, teatas paavst, ja juhtis t\u00e4helepanu kahjudele s\u00f5jas, mis tema s\u00f5nul ei lahenda midagi.<\/p>\n<p>Kuidas see lugu Sind end tundma pani? Saada <a href=\"https:\/\/www.delfi.ee\/artikkel\/120567676\/usa-ja-vatikani-tuli-suveneb-trumpi-ametnik-pidas-vatikanile-paavsti-seisukohtade-osas-loengu\/kommentaarid\" class=\"article-body-bottom__comment article-body-bottom__comment--write button button--primary button--size-auto\" rel=\"nofollow noopener\" target=\"_blank\"> Kommenteeri <\/a><a href=\"https:\/\/www.delfi.ee\/artikkel\/120567676\/usa-ja-vatikani-tuli-suveneb-trumpi-ametnik-pidas-vatikanile-paavsti-seisukohtade-osas-loengu\/kommentaarid\" class=\"article-body-bottom__comment article-body-bottom__comment--read button button--size-auto\" rel=\"nofollow noopener\" target=\"_blank\"> Loe kommentaare (15)<\/a><\/p>\n","protected":false},"excerpt":{"rendered":"Jaanuaris kutsus Pentagoni poliitikajuht Elbridge Colby vaibale kardinal Christophe Pierre\u2019i. Colby olevat kardinalile \u00f6elnud, et USA-l on s\u00f5jaline&hellip;\n","protected":false},"author":2,"featured_media":150299,"comment_status":"","ping_status":"","sticky":false,"template":"","format":"standard","meta":{"footnotes":"","_share_on_mastodon":"0"},"categories":[80],"tags":[26,27,324,37,33,35,34,36,31,32,21,28,29,95,19,10493,460,25,23,24,22,325,20,4852,30,92,93,94],"class_list":["post-150298","post","type-post","status-publish","format-standard","has-post-thumbnail","category-maailm","tag-breaking-news","tag-breakingnews","tag-donald-trump","tag-ee","tag-eesti","tag-eesti-keel","tag-estonia","tag-estonian","tag-featured-news","tag-featurednews","tag-headlines","tag-latest-news","tag-latestnews","tag-maailm","tag-news","tag-paavst-leo-xiv","tag-pentagon","tag-populaarseimad-lood","tag-top-stories","tag-topstories","tag-uldised-uudised","tag-usa","tag-uudised","tag-vatikan","tag-viimased-uudised","tag-world","tag-world-news","tag-worldnews"],"share_on_mastodon":{"url":"https:\/\/pubeurope.com\/@ee\/116378397807969434","error":""},"_links":{"self":[{"href":"https:\/\/www.europesays.com\/ee\/wp-json\/wp\/v2\/posts\/150298","targetHints":{"allow":["GET"]}}],"collection":[{"href":"https:\/\/www.europesays.com\/ee\/wp-json\/wp\/v2\/posts"}],"about":[{"href":"https:\/\/www.europesays.com\/ee\/wp-json\/wp\/v2\/types\/post"}],"author":[{"embeddable":true,"href":"https:\/\/www.europesays.com\/ee\/wp-json\/wp\/v2\/users\/2"}],"replies":[{"embeddable":true,"href":"https:\/\/www.europesays.com\/ee\/wp-json\/wp\/v2\/comments?post=150298"}],"version-history":[{"count":0,"href":"https:\/\/www.europesays.com\/ee\/wp-json\/wp\/v2\/posts\/150298\/revisions"}],"wp:featuredmedia":[{"embeddable":true,"href":"https:\/\/www.europesays.com\/ee\/wp-json\/wp\/v2\/media\/150299"}],"wp:attachment":[{"href":"https:\/\/www.europesays.com\/ee\/wp-json\/wp\/v2\/media?parent=150298"}],"wp:term":[{"taxonomy":"category","embeddable":true,"href":"https:\/\/www.europesays.com\/ee\/wp-json\/wp\/v2\/categories?post=150298"},{"taxonomy":"post_tag","embeddable":true,"href":"https:\/\/www.europesays.com\/ee\/wp-json\/wp\/v2\/tags?post=150298"}],"curies":[{"name":"wp","href":"https:\/\/api.w.org\/{rel}","templated":true}]}}