{"id":150378,"date":"2026-04-10T06:05:06","date_gmt":"2026-04-10T06:05:06","guid":{"rendered":"https:\/\/www.europesays.com\/ee\/150378\/"},"modified":"2026-04-10T06:05:06","modified_gmt":"2026-04-10T06:05:06","slug":"venemaa-maksab-olumpiapreemiat-sportlastele-kes-pole-kunagi-olumpial-osalenud","status":"publish","type":"post","link":"https:\/\/www.europesays.com\/ee\/150378\/","title":{"rendered":"Venemaa maksab ol\u00fcmpiapreemiat sportlastele, kes pole kunagi ol\u00fcmpial osalenud"},"content":{"rendered":"<p class=\"MsoNormal\">Venemaa t\u00e4iemahuline sissetung Ukrainasse 2022. aastal on viinud selleni, et Venemaa on ol\u00fcmpiam\u00e4ngudelt k\u00f5rvaldatud. 2024. aasta Pariisi suveol\u00fcmpial ja 2026. aasta Milano Cortina taliol\u00fcmpial on \u00fcksikutel venelastel lubatud osaleda \u2013 kui nad vastavad n\u00f5uetele, et nad ei ole seotud s\u00f5jav\u00e4e ega muude julgeolekuorganitega ning ei ole teinud s\u00f5japropagandat.<\/p>\n","protected":false},"excerpt":{"rendered":"Venemaa t\u00e4iemahuline sissetung Ukrainasse 2022. aastal on viinud selleni, et Venemaa on ol\u00fcmpiam\u00e4ngudelt k\u00f5rvaldatud. 2024. aasta Pariisi suveol\u00fcmpial&hellip;\n","protected":false},"author":2,"featured_media":150379,"comment_status":"","ping_status":"","sticky":false,"template":"","format":"standard","meta":{"footnotes":"","_share_on_mastodon":"0"},"categories":[18],"tags":[37,33,35,34,36,60285,18741,70811,159,158,70810,70809,5073,70812],"class_list":["post-150378","post","type-post","status-publish","format-standard","has-post-thumbnail","category-sport","tag-ee","tag-eesti","tag-eesti-keel","tag-estonia","tag-estonian","tag-jelena-valbe","tag-mihhail-degtjarjov","tag-olumpiapreemiad","tag-sport","tag-sports","tag-vene-sportlased","tag-venemaa-olumpiakomitee","tag-venemaa-sissetung-ukrainasse","tag-viktor-berezov"],"share_on_mastodon":{"url":"https:\/\/pubeurope.com\/@ee\/116378908941944194","error":""},"_links":{"self":[{"href":"https:\/\/www.europesays.com\/ee\/wp-json\/wp\/v2\/posts\/150378","targetHints":{"allow":["GET"]}}],"collection":[{"href":"https:\/\/www.europesays.com\/ee\/wp-json\/wp\/v2\/posts"}],"about":[{"href":"https:\/\/www.europesays.com\/ee\/wp-json\/wp\/v2\/types\/post"}],"author":[{"embeddable":true,"href":"https:\/\/www.europesays.com\/ee\/wp-json\/wp\/v2\/users\/2"}],"replies":[{"embeddable":true,"href":"https:\/\/www.europesays.com\/ee\/wp-json\/wp\/v2\/comments?post=150378"}],"version-history":[{"count":0,"href":"https:\/\/www.europesays.com\/ee\/wp-json\/wp\/v2\/posts\/150378\/revisions"}],"wp:featuredmedia":[{"embeddable":true,"href":"https:\/\/www.europesays.com\/ee\/wp-json\/wp\/v2\/media\/150379"}],"wp:attachment":[{"href":"https:\/\/www.europesays.com\/ee\/wp-json\/wp\/v2\/media?parent=150378"}],"wp:term":[{"taxonomy":"category","embeddable":true,"href":"https:\/\/www.europesays.com\/ee\/wp-json\/wp\/v2\/categories?post=150378"},{"taxonomy":"post_tag","embeddable":true,"href":"https:\/\/www.europesays.com\/ee\/wp-json\/wp\/v2\/tags?post=150378"}],"curies":[{"name":"wp","href":"https:\/\/api.w.org\/{rel}","templated":true}]}}