{"id":150392,"date":"2026-04-10T06:19:09","date_gmt":"2026-04-10T06:19:09","guid":{"rendered":"https:\/\/www.europesays.com\/ee\/150392\/"},"modified":"2026-04-10T06:19:09","modified_gmt":"2026-04-10T06:19:09","slug":"eerik-niiles-kross-karisel-minu-haalt-ei-ole-lopetame-jama-ja-leiame-eestile-korraliku-presidendi-postimees","status":"publish","type":"post","link":"https:\/\/www.europesays.com\/ee\/150392\/","title":{"rendered":"EERIK-NIILES KROSS Karisel minu h\u00e4\u00e4lt ei ole \u2013 l\u00f5petame jama ja leiame Eestile korraliku presidendi &#8211; Postimees"},"content":{"rendered":"<ol>\n<li><a href=\"https:\/\/news.google.com\/rss\/articles\/CBMizwFBVV95cUxPbUNodTZfUGk0c2ZYVGtCSlFxWWsxcHRtVUgweWo5UUZLcEZaQjRRbzktcS1hRWtyVlZ0TkhqWkNseTRNUVRBNUFPYnE1LW9hanhFTFQ1OUEyaHVSU3BWVjdnUy1nMXQzc3hUTjZiZHJfYVAxNWJULTFOTDhDOFFtQkhhRXJ6SVJEY1N5YzQzMjZJYmxLWTN0N0I2QzhycmNWRUVkeDJDY08zaFFHOW9kSlpxX3VxdWduaVdoaTFDWjZCTkZMWXhOOTFHYlN5dWM?oc=5\" target=\"_blank\" rel=\"nofollow noopener\">EERIK-NIILES KROSS Karisel minu h\u00e4\u00e4lt ei ole \u2013 l\u00f5petame jama ja leiame Eestile korraliku presidendi<\/a>&nbsp;&nbsp;Postimees<\/li>\n<li><a href=\"https:\/\/news.google.com\/rss\/articles\/CBMigAFBVV95cUxOQmpDclNpX0tDQ1ItWXNzQjhYQ0pEUnVpV1ZSYWRoVWl4TjJMYW44Y0dyamNJN1VpYVNoSldLWGoyQm1aTnVHQTRGLThBV0FpbVJRTVk5RW41SktXa0pvdi1tV1E1eTlSTzJKOW5Zc1RTMkxIN3c0UDRvRlJGMk1Dbg?oc=5\" target=\"_blank\" rel=\"nofollow noopener\">Karis vaatab presidenditralli k\u00fclma k\u00f5huga<\/a>&nbsp;&nbsp;L\u00e4\u00e4ne Elu<\/li>\n<li><a href=\"https:\/\/news.google.com\/rss\/articles\/CBMizAFBVV95cUxPX0ItMW9uU2RLSG1mOFVuMGViNnpnWW5FSjlrREFkWWtzNWJjZW9lR0lKU0VBcHVxUzdDQVVMRmk4cF9VTllDNENGdTNfWVlzVHpuQTVqR013el9xV2p2cVQ2QVlmUHVqWk1qXzY2WlVqdmFRLW5EZUJJUlViZE5jR25UbVBPR2RobllPSk94dUZrVExvZ0NUU0t2SGc0SFVjUWgwUnp6T1kwLTd1VktBT3B2N3F6UXZxcWZFaG1tNXNpZ2V5Yy1LTk9rQUE?oc=5\" target=\"_blank\" rel=\"nofollow noopener\">KARIS T\u00dcLIS V\u00c4LISMINISTEERIUMIGA | Marko Mihkelson: miks president solvas korraga k\u00f5iki meie diplomaate?<\/a>&nbsp;&nbsp;\u00d5htuleht<\/li>\n<li><a href=\"https:\/\/news.google.com\/rss\/articles\/CBMilwFBVV95cUxQYUtsSkM5emhmQXUweFVocmd0UUZjRGotbkoyZ3M4b0NtNUpIYWVPTDZ2QUE1OExOZHlzZWNLMXFzQTkteDBid1VDWm1HbDBwZENOVFZGODBwV0lnaE9FdkhnbnlZVmdUVnhrNGVmUDZhcElnWXV1MjZvNjAtY3U0UTVmM2Fhd1pseG10dk5jaUd2dDRvRmxZ?oc=5\" target=\"_blank\" rel=\"nofollow noopener\">President Karis: j\u00f5udu vaadata kaugemale v\u00e4lisministeeriumis ei ole<\/a>&nbsp;&nbsp;L\u00f5unaeestlane<\/li>\n<li><a href=\"https:\/\/news.google.com\/rss\/articles\/CBMizAFBVV95cUxQa21PeFBhN1Ntb2xMbUk0akpXcGYybkh2MmdkdTU4UENuaERmRi1rMXNyVURQSk9NbXh3U2ZYWnNqUE93MGx6bHIyQzhjSUhtR1JXY04tWUFTNkNCLVhVbW1NOEdLYnNaaTVDRnBON0QtN0Z2bzY2OTVJX2VHdXNqd2JERG5WRGZUTHREaVJOa2lTVEtPWWw5YTBvNVVBdUdHYlFGYkVjdTJzNzFvcUtCdkl0NnBlcC1ldnJHeERTNmdORTVieWxFV0lsMWw?oc=5\" target=\"_blank\" rel=\"nofollow noopener\">PRESIDENDI POLIITTEATER | Eerik-Niiles Kross: erinevalt R\u00fc\u00fctlist pole Karis mind positiivselt \u00fcllatanud<\/a>&nbsp;&nbsp;\u00d5htuleht<\/li>\n<\/ol>\n","protected":false},"excerpt":{"rendered":"EERIK-NIILES KROSS Karisel minu h\u00e4\u00e4lt ei ole \u2013 l\u00f5petame jama ja leiame Eestile korraliku presidendi&nbsp;&nbsp;Postimees Karis vaatab presidenditralli&hellip;\n","protected":false},"author":2,"featured_media":150393,"comment_status":"","ping_status":"","sticky":false,"template":"","format":"standard","meta":{"footnotes":"","_share_on_mastodon":"0"},"categories":[12],"tags":[1687,7609,26,27,37,55,33,70829,35,70834,28579,70826,34,36,31,32,21,70827,70832,28,29,19,70824,70833,25,70828,70831,70821,643,70823,70825,70830,14540,23,24,22,20,70822,30],"class_list":["post-150392","post","type-post","status-publish","format-standard","has-post-thumbnail","category-eesti","tag-alar-karis","tag-arnold-ruutel","tag-breaking-news","tag-breakingnews","tag-ee","tag-eerik-niiles-kross","tag-eesti","tag-eesti-julgeolekupoliitika","tag-eesti-keel","tag-eesti-maine-rahvusvaheliselt","tag-eesti-president","tag-erakondlik-poliitteater","tag-estonia","tag-estonian","tag-featured-news","tag-featurednews","tag-headlines","tag-isamaa-toetusavaldus","tag-karis-tagasivalimine","tag-latest-news","tag-latestnews","tag-news","tag-pohiseaduslikud-ulesanded","tag-poliitiline-mangurlus","tag-populaarseimad-lood","tag-presidendi-valispoliitiline-padevus","tag-presidendikandidaadi-nouded","tag-presidendivalimised-eestis","tag-reformierakond","tag-riigikaitse-korgem-juht","tag-riigikogu-roll-presidendivalimistel","tag-riiklik-motlemine","tag-toomas-hendrik-ilves","tag-top-stories","tag-topstories","tag-uldised-uudised","tag-uudised","tag-valispoliitika-kriitika","tag-viimased-uudised"],"share_on_mastodon":{"url":"","error":"Validation failed: Text character limit of 500 exceeded"},"_links":{"self":[{"href":"https:\/\/www.europesays.com\/ee\/wp-json\/wp\/v2\/posts\/150392","targetHints":{"allow":["GET"]}}],"collection":[{"href":"https:\/\/www.europesays.com\/ee\/wp-json\/wp\/v2\/posts"}],"about":[{"href":"https:\/\/www.europesays.com\/ee\/wp-json\/wp\/v2\/types\/post"}],"author":[{"embeddable":true,"href":"https:\/\/www.europesays.com\/ee\/wp-json\/wp\/v2\/users\/2"}],"replies":[{"embeddable":true,"href":"https:\/\/www.europesays.com\/ee\/wp-json\/wp\/v2\/comments?post=150392"}],"version-history":[{"count":0,"href":"https:\/\/www.europesays.com\/ee\/wp-json\/wp\/v2\/posts\/150392\/revisions"}],"wp:featuredmedia":[{"embeddable":true,"href":"https:\/\/www.europesays.com\/ee\/wp-json\/wp\/v2\/media\/150393"}],"wp:attachment":[{"href":"https:\/\/www.europesays.com\/ee\/wp-json\/wp\/v2\/media?parent=150392"}],"wp:term":[{"taxonomy":"category","embeddable":true,"href":"https:\/\/www.europesays.com\/ee\/wp-json\/wp\/v2\/categories?post=150392"},{"taxonomy":"post_tag","embeddable":true,"href":"https:\/\/www.europesays.com\/ee\/wp-json\/wp\/v2\/tags?post=150392"}],"curies":[{"name":"wp","href":"https:\/\/api.w.org\/{rel}","templated":true}]}}