{"id":150671,"date":"2026-04-10T12:12:12","date_gmt":"2026-04-10T12:12:12","guid":{"rendered":"https:\/\/www.europesays.com\/ee\/150671\/"},"modified":"2026-04-10T12:12:12","modified_gmt":"2026-04-10T12:12:12","slug":"xi-teatas-kulas-olevale-taiwani-opositsiooniliidrile-et-mingit-iseseisvust-ei-sallita","status":"publish","type":"post","link":"https:\/\/www.europesays.com\/ee\/150671\/","title":{"rendered":"Xi teatas k\u00fclas olevale Taiwani opositsiooniliidrile, et mingit iseseisvust ei sallita"},"content":{"rendered":"<p>Taiwani suurima opositsioonierakonna Kuomintangi (KMT) esimees Cheng on Hiinas enese s\u00f5nul rahumissioonil pingete v\u00e4hendamiseks, vahendab Reuters.<\/p>\n<p>Xi \u00fctles Chengile, et t\u00e4nap\u00e4eva maailmas ei valitse t\u00e4ielik rahu ja rahu on kallis.<\/p>\n<p>\u201eKaasamaalased m\u00f5lemal pool v\u00e4ina on hiinlased \u2013 \u00fche perekonna inimesed, kes tahavad rahu, arengut, l\u00e4bik\u00e4imist ja koost\u00f6\u00f6d,\u201c \u00fctle Xi.<\/p>\n<p>M\u00f5lemad v\u00e4ina kaldad kuuluvad \u201e\u00fchte Hiinasse\u201c, teatas Xi.<\/p>\n<p>\u201eKui perekond on harmooniline, \u00f5itsevad k\u00f5ik asjad,\u201c j\u00e4tkas Xi. \u201eTaiwani iseseisvus on peamine s\u00fc\u00fcdlane rahu \u00f5\u00f5nestamises Taiwani v\u00e4inas \u2013 me absoluutselt ei luba ega salli seda.\u201c<\/p>\n<p>\u201eKMT ja Kommunistlik Partei peavad konsolideerima poliitilise vastastikuse usalduse, hoidma positiivseid suhteid, \u00fchendama kaasmaalased m\u00f5lemal pool v\u00e4ina ja \u00fchendama k\u00e4ed, et luua kodumaa \u00fchinemise ja rahvusliku uuenemise helge tulevik,\u201c lausus Xi.<\/p>\n<p>Hiina keeldub r\u00e4\u00e4kimast Taiwani demokraatlikult valitud presidendi <a rel=\"noopener nofollow\" target=\"_blank\" href=\"https:\/\/www.delfi.ee\/teema\/96859229\/lai-ching-te\" tag-id=\"96859229\">Lai Ching-tega<\/a>, nimetades teda separatistiks. Lai administratsioon on kutsunud Chengi \u00fctlema Hiinale, et too l\u00f5petaks \u00e4hvardamise ja et Peking peaks suhtlema demokraatlikult valitud valitsusega <a rel=\"noopener nofollow\" target=\"_blank\" href=\"https:\/\/www.delfi.ee\/teema\/38563279\/taipei\" tag-id=\"38563279\">Taipeis<\/a>.<\/p>\n<p>Taiwani valitseva Demokraatliku Arengu Partei peasekret\u00e4r Hsu Kuo-yung kritiseeris t\u00e4na Taipeis KMT-d kaitse-eelarve j\u00e4tkuva blokeerimise eest parlamendis ajal, kui Cheng on Hiinas.<\/p>\n<p>\u201eKas te p\u00fc\u00fcate teha Xi Jinpingile mingisugust suurt kingitust?\u201c k\u00fcsis Hsu.<\/p>\n<p>KMT juhtis kunagi kogu Hiinat, kuni Hiina Vabariigi valitsus, mida see juhtis, p\u00f5genes 1949. aastal p\u00e4rast kodus\u00f5ja kaotust <a rel=\"noopener nofollow\" target=\"_blank\" href=\"https:\/\/www.delfi.ee\/teema\/56501048\/mao-zedong\" tag-id=\"56501048\">Mao Zedongi<\/a> juhitud kommunistidele Taiwanile.<\/p>\n<p>Mingit rahu ega relvarahu ei ole s\u00f5lmitud ja kumbki valitsus vastastikku teist ei tunnusta.<\/p>\n<p>Cheng \u00fctles Xile, et m\u00f5lemal pool tahab rahvas vastastikku kasulikke suhteid.<\/p>\n<p>\u201eMina, Li-wun loodan siiralt, et \u00fchel p\u00e4eval tulevikus on mul v\u00f5imalus v\u00f5\u00f5rustada ja tervitada peasekret\u00e4r Xid ja k\u00f5iki kohalviibijaid Taiwanil,\u201c lisas Cheng.<\/p>\n<p>Cheng teatas, et loodab, et m\u00f5lema partei j\u00f5upingutuste kaudu ei ole Taiwani v\u00e4in edaspidi enam potentsiaalse konflikti kese ega muutu malelauaks sekkumiseks v\u00e4lisj\u00f5udude jaoks.<\/p>\n<p>Hiljem \u00fctles Cheng Pekingis ajakirjanikele, et Xi \u00fctles talle, et Hiina austab Taiwani teistmoodi \u00fchiskondlikku s\u00fcsteemi ja elustiilivalikut.<\/p>\n<p>Kuidas see lugu Sind end tundma pani? Saada <a href=\"https:\/\/www.delfi.ee\/artikkel\/120567804\/xi-teatas-kulas-olevale-taiwani-opositsiooniliidrile-et-mingit-iseseisvust-ei-sallita\/kommentaarid\" class=\"article-body-bottom__comment article-body-bottom__comment--write button button--primary button--size-auto\" rel=\"nofollow noopener\" target=\"_blank\"> Kommenteeri <\/a><a href=\"https:\/\/www.delfi.ee\/artikkel\/120567804\/xi-teatas-kulas-olevale-taiwani-opositsiooniliidrile-et-mingit-iseseisvust-ei-sallita\/kommentaarid\" class=\"article-body-bottom__comment article-body-bottom__comment--read button button--size-auto\" rel=\"nofollow noopener\" target=\"_blank\"> Loe kommentaare (13)<\/a><\/p>\n","protected":false},"excerpt":{"rendered":"Taiwani suurima opositsioonierakonna Kuomintangi (KMT) esimees Cheng on Hiinas enese s\u00f5nul rahumissioonil pingete v\u00e4hendamiseks, vahendab Reuters. Xi \u00fctles&hellip;\n","protected":false},"author":2,"featured_media":150672,"comment_status":"","ping_status":"","sticky":false,"template":"","format":"standard","meta":{"footnotes":"","_share_on_mastodon":"0"},"categories":[80],"tags":[26,27,37,33,35,34,36,31,32,21,326,1178,28,29,95,50508,19,25,23511,1174,23,24,22,20,30,92,93,94,327],"class_list":["post-150671","post","type-post","status-publish","format-standard","has-post-thumbnail","category-maailm","tag-breaking-news","tag-breakingnews","tag-ee","tag-eesti","tag-eesti-keel","tag-estonia","tag-estonian","tag-featured-news","tag-featurednews","tag-headlines","tag-hiina","tag-lai-ching-te","tag-latest-news","tag-latestnews","tag-maailm","tag-mao-zedong","tag-news","tag-populaarseimad-lood","tag-taipei","tag-taiwan","tag-top-stories","tag-topstories","tag-uldised-uudised","tag-uudised","tag-viimased-uudised","tag-world","tag-world-news","tag-worldnews","tag-xi-jinping"],"share_on_mastodon":{"url":"https:\/\/pubeurope.com\/@ee\/116380352199959266","error":""},"_links":{"self":[{"href":"https:\/\/www.europesays.com\/ee\/wp-json\/wp\/v2\/posts\/150671","targetHints":{"allow":["GET"]}}],"collection":[{"href":"https:\/\/www.europesays.com\/ee\/wp-json\/wp\/v2\/posts"}],"about":[{"href":"https:\/\/www.europesays.com\/ee\/wp-json\/wp\/v2\/types\/post"}],"author":[{"embeddable":true,"href":"https:\/\/www.europesays.com\/ee\/wp-json\/wp\/v2\/users\/2"}],"replies":[{"embeddable":true,"href":"https:\/\/www.europesays.com\/ee\/wp-json\/wp\/v2\/comments?post=150671"}],"version-history":[{"count":0,"href":"https:\/\/www.europesays.com\/ee\/wp-json\/wp\/v2\/posts\/150671\/revisions"}],"wp:featuredmedia":[{"embeddable":true,"href":"https:\/\/www.europesays.com\/ee\/wp-json\/wp\/v2\/media\/150672"}],"wp:attachment":[{"href":"https:\/\/www.europesays.com\/ee\/wp-json\/wp\/v2\/media?parent=150671"}],"wp:term":[{"taxonomy":"category","embeddable":true,"href":"https:\/\/www.europesays.com\/ee\/wp-json\/wp\/v2\/categories?post=150671"},{"taxonomy":"post_tag","embeddable":true,"href":"https:\/\/www.europesays.com\/ee\/wp-json\/wp\/v2\/tags?post=150671"}],"curies":[{"name":"wp","href":"https:\/\/api.w.org\/{rel}","templated":true}]}}