{"id":150709,"date":"2026-04-10T12:59:07","date_gmt":"2026-04-10T12:59:07","guid":{"rendered":"https:\/\/www.europesays.com\/ee\/150709\/"},"modified":"2026-04-10T12:59:07","modified_gmt":"2026-04-10T12:59:07","slug":"fotod-kermo-murel-esines-new-yorgis-sealsetele-eestlastele-aitah-koik-lahedad-inimesed-kes-sellega-kaasnesid","status":"publish","type":"post","link":"https:\/\/www.europesays.com\/ee\/150709\/","title":{"rendered":"FOTOD | Kermo Murel esines New Yorgis sealsetele eestlastele. \u201eAit\u00e4h, k\u00f5ik lahedad inimesed, kes sellega kaasnesid!\u201c"},"content":{"rendered":"<p>\u201eAit\u00e4h, NYC (New Yorgi linn \u2013 toim) ja k\u00f5ik lahedad inimesed, kes sellega kaasnesid. Ma n\u00fc\u00fcd tulen koju,\u201c kirjutas Kermo Instagamis, jagades kaadreid, kuidas ta suurlinna v\u00f5lusid naudib.<\/p>\n<p>New Yorgi Eesti Majas astus \u00fcles lisaks Kermole ka muusik NO\u00cbP.<\/p>\n<p>Mullu sai alguse muusiku v\u00e4ga edukaks osutunud sooloprojekt Kermo Murel. \u201eMul oli Kermo Mureli projekti tehes m\u00e4rkmikusse see karakter t\u00e4ielikult v\u00e4lja kirjutatud \u2013 mis muusikat ta kuulab, milline ta on. Kermo Murelile meeldib trance, talle meeldib j\u00f5usaal, ta s\u00f5idab rolleriga ja nii edasi. T\u00e4iesti selline Saku ossi karakter, mis on tegelikult natukene sisimas osa minust. See nimi Kermo tuli juba ammu ja siis m\u00f5tlesin, et perekonnanimega Murel on see k\u00f5ige ossilikum eesnime-perekonnanime kooslus,\u201c r\u00e4\u00e4kis ta \u201e<a rel=\"noopener follow nofollow\" target=\"_blank\" href=\"https:\/\/arhiiv.err.ee\/video\/vaata\/hommik-anuga-411\" data-rel-date-range=\"[]\">Hommik Anuga<\/a>\u201c saates.<\/p>\n<p>Kuidas see lugu Sind end tundma pani? Saada <a href=\"https:\/\/kroonika.delfi.ee\/artikkel\/120567799\/fotod-kermo-murel-esines-new-yorgis-sealsetele-eestlastele-aitah-koik-lahedad-inimesed-kes-sellega-kaasnesid\/kommentaarid\" class=\"article-body-bottom__comment article-body-bottom__comment--write button button--primary button--size-auto\" rel=\"nofollow noopener\" target=\"_blank\"> Kommenteeri <\/a><a href=\"https:\/\/kroonika.delfi.ee\/artikkel\/120567799\/fotod-kermo-murel-esines-new-yorgis-sealsetele-eestlastele-aitah-koik-lahedad-inimesed-kes-sellega-kaasnesid\/kommentaarid\" class=\"article-body-bottom__comment article-body-bottom__comment--read button button--size-auto\" rel=\"nofollow noopener\" target=\"_blank\"> Loe kommentaare (3)<\/a><\/p>\n","protected":false},"excerpt":{"rendered":"\u201eAit\u00e4h, NYC (New Yorgi linn \u2013 toim) ja k\u00f5ik lahedad inimesed, kes sellega kaasnesid. Ma n\u00fc\u00fcd tulen koju,\u201c&hellip;\n","protected":false},"author":2,"featured_media":150710,"comment_status":"","ping_status":"","sticky":false,"template":"","format":"standard","meta":{"footnotes":"","_share_on_mastodon":"0"},"categories":[91],"tags":[240,37,33,35,173,34,36,3151,241,140],"class_list":["post-150709","post","type-post","status-publish","format-standard","has-post-thumbnail","category-kuulsused","tag-celebrities","tag-ee","tag-eesti","tag-eesti-keel","tag-entertainment","tag-estonia","tag-estonian","tag-kermo-murel","tag-kuulsused","tag-meelelahutus"],"share_on_mastodon":{"url":"","error":""},"_links":{"self":[{"href":"https:\/\/www.europesays.com\/ee\/wp-json\/wp\/v2\/posts\/150709","targetHints":{"allow":["GET"]}}],"collection":[{"href":"https:\/\/www.europesays.com\/ee\/wp-json\/wp\/v2\/posts"}],"about":[{"href":"https:\/\/www.europesays.com\/ee\/wp-json\/wp\/v2\/types\/post"}],"author":[{"embeddable":true,"href":"https:\/\/www.europesays.com\/ee\/wp-json\/wp\/v2\/users\/2"}],"replies":[{"embeddable":true,"href":"https:\/\/www.europesays.com\/ee\/wp-json\/wp\/v2\/comments?post=150709"}],"version-history":[{"count":0,"href":"https:\/\/www.europesays.com\/ee\/wp-json\/wp\/v2\/posts\/150709\/revisions"}],"wp:featuredmedia":[{"embeddable":true,"href":"https:\/\/www.europesays.com\/ee\/wp-json\/wp\/v2\/media\/150710"}],"wp:attachment":[{"href":"https:\/\/www.europesays.com\/ee\/wp-json\/wp\/v2\/media?parent=150709"}],"wp:term":[{"taxonomy":"category","embeddable":true,"href":"https:\/\/www.europesays.com\/ee\/wp-json\/wp\/v2\/categories?post=150709"},{"taxonomy":"post_tag","embeddable":true,"href":"https:\/\/www.europesays.com\/ee\/wp-json\/wp\/v2\/tags?post=150709"}],"curies":[{"name":"wp","href":"https:\/\/api.w.org\/{rel}","templated":true}]}}