{"id":150718,"date":"2026-04-10T13:09:10","date_gmt":"2026-04-10T13:09:10","guid":{"rendered":"https:\/\/www.europesays.com\/ee\/150718\/"},"modified":"2026-04-10T13:09:10","modified_gmt":"2026-04-10T13:09:10","slug":"uue-suurhalli-soovijaid-on-mitu-riigipoolset-selgust-aga-pole-eesti-2","status":"publish","type":"post","link":"https:\/\/www.europesays.com\/ee\/150718\/","title":{"rendered":"Uue suurhalli soovijaid on mitu, riigipoolset selgust aga pole | Eesti"},"content":{"rendered":"<p>Multihalli rajamiseks on soovi avaldanud nii Tallinn, Tartu kui ka P\u00e4rnu. Kuhu ja millal hall rajatakse, Eesti ol\u00fcmpiakomitee ja kultuuriministeerium j\u00e4tkuvalt ei vastanud.<\/p>\n<p>Tallinn kirjutas kultuuriministeeriumile saadetud toetuskirjas, et kavandatav multifunktsionaalne suurhall tuleb rajada Tallinnasse, sest see on ainuke linn Eestis, mis suudaks suuremahulist halli teenindada.<\/p>\n<p>&#8220;Kui soovime konkureerida rahvusvaheliste \u00fcrituste nimel, tuleb arvestada ka piirkondliku reaalsusega. L\u00e4hiriikides t\u00e4idavad seda rolli pealinnad \u2013 Riia ja Helsingi \u2013, kus sarnased areenid toimivad edukalt. Tallinn on ainus Eesti linn, mis suudab selles konkurentsis kaasa r\u00e4\u00e4kida,&#8221; leidis linn kirjas.<\/p>\n<p>Suurhalli v\u00f5imaliku asukohana nimetatakse kirjas juba <a href=\"https:\/\/www.err.ee\/1609808820\/tallinn-pakub-suurhalli-rajamiseks-valja-ulemiste-kaubajaama-ala\" target=\"_blank\" rel=\"noopener nofollow\">varem mainitud<\/a> \u00dclemiste kaubajaama piirkond.<\/p>\n<p>Ka Tartu soovib superhalli endale ning see on kirja ka Isamaa ja Reformierakonna vahel s\u00f5lmitud <a href=\"https:\/\/www.err.ee\/1609857036\/isamaa-ja-reformierakond-solmisid-tartus-voimuleppe\" target=\"_blank\" rel=\"noopener nofollow\">koalitsioonilepingus<\/a>.<\/p>\n<p>Tartu linnapea Urmas Klaas kinnitas ERR-ile, et linnal on j\u00e4tkuvalt tugev soov hall just Tartusse rajada. Selleks on Klaasi s\u00f5nul ka reserveeritud maat\u00fckk, mis asub Raadi linnaosas, Eesti Rahva Muuseumi vahetus l\u00e4heduses.<\/p>\n<p>Klaasi s\u00f5nul oleks suurhall oluline rajada Tartusse just regionaalpoliitiliselt.<\/p>\n<p>&#8220;K\u00f5ik asjad ei pea kontsentreeruma Tallinna,&#8221; s\u00f5nas linnapea.<\/p>\n<p><a href=\"https:\/\/www.err.ee\/1609953314\/parnu-linn-soovib-samuti-multihalli-endale\" target=\"_blank\" rel=\"noopener nofollow\">Veebruaris saatis ka P\u00e4rnu linn<\/a> kultuuriministeeriumile kirja, kus avaldas samuti soovi rajada superhalli.<\/p>\n<p>Linnavolikogu hinnangul peaks multihall paiknema P\u00e4rnus, sest see toetab seal regionaalset arengut. Lisaks n\u00e4eb volikogu, et Rail Balticu valmimisega asub P\u00e4rnu Tallinna ja Riia vahelises s\u00f5lmpunktis, olles \u00fchendusl\u00fcliks Euroopaga.<\/p>\n<p>K\u00f5ik on j\u00e4tkuvalt lahtine<\/p>\n<p>Kultuuriministeeriumi spordi asekantsler Raido Mitt vastas toona P\u00e4rnule, et suurhalli projekteerimise, arendusprotsessi ja asukoha valiku eest vastutab EOK.<\/p>\n<p>ERR-ile s\u00f5nas Mitt, et t\u00f5epoolest halli tehnilise andmete ja ilmselt ka asukoha kohta annab sisendi EOK, kuid l\u00f5ppotsus j\u00e4\u00e4b suure t\u00f5en\u00e4osusega siiski valitsuse teha.<\/p>\n<p>Mitt s\u00f5nas, et projekti sooviti rahastada kaughasartmaksu laekumistega, ent hetkel pole kindel, kas ja kuidas see peale seadusmuudatust muutunud on.<\/p>\n<p>T\u00e4pset selgust aga v\u00f5imaliku halli rahastuse osas veel pole.<\/p>\n<p>&#8220;EOK on pakkunud erinevaid variante ja \u00fcheks v\u00f5imaluseks on, et see hall rajatakse erasektori, omavalitsuse ja riigi koost\u00f6\u00f6s,&#8221; s\u00f5nas Mitt.<\/p>\n<p>EOK kommunikatsiooni- ja turundusjuhi Mirjam Endla s\u00f5nul asukoha \u00fcle EOK l\u00f5plikku otsust siiski ei tee.<\/p>\n<p>&#8220;EOK juhib multifunktsionaalse halli ettevalmistusprotsessi, mille eesm\u00e4rk on anda riigile otsustamiseks vajalik sisend halli vajaduse, v\u00f5imaliku suuruse, funktsioonide ja \u00e4rimudeli kohta,&#8221; selgitas Endla.<\/p>\n<p>Endla s\u00f5nas, et t\u00e4psema \u00fclevaate olukorrast annavad EOK ja kultuuriministeerium aprilli l\u00f5pus.<\/p>\n","protected":false},"excerpt":{"rendered":"Multihalli rajamiseks on soovi avaldanud nii Tallinn, Tartu kui ka P\u00e4rnu. Kuhu ja millal hall rajatakse, Eesti ol\u00fcmpiakomitee&hellip;\n","protected":false},"author":2,"featured_media":150699,"comment_status":"","ping_status":"","sticky":false,"template":"","format":"standard","meta":{"footnotes":"","_share_on_mastodon":"0"},"categories":[5],"tags":[26,27,37,33,35,2247,34,36,31,32,21,2545,28,29,5970,19,1421,25,5809,2130,249,23,24,22,3515,20,30],"class_list":["post-150718","post","type-post","status-publish","format-standard","has-post-thumbnail","category-uldised-uudised","tag-breaking-news","tag-breakingnews","tag-ee","tag-eesti","tag-eesti-keel","tag-eok","tag-estonia","tag-estonian","tag-featured-news","tag-featurednews","tag-headlines","tag-kultuuriministeerium","tag-latest-news","tag-latestnews","tag-multihall","tag-news","tag-parnu","tag-populaarseimad-lood","tag-raido-mitt","tag-tallinn","tag-tartu","tag-top-stories","tag-topstories","tag-uldised-uudised","tag-urmas-klaas","tag-uudised","tag-viimased-uudised"],"share_on_mastodon":{"url":"https:\/\/pubeurope.com\/@ee\/116380576326265944","error":""},"_links":{"self":[{"href":"https:\/\/www.europesays.com\/ee\/wp-json\/wp\/v2\/posts\/150718","targetHints":{"allow":["GET"]}}],"collection":[{"href":"https:\/\/www.europesays.com\/ee\/wp-json\/wp\/v2\/posts"}],"about":[{"href":"https:\/\/www.europesays.com\/ee\/wp-json\/wp\/v2\/types\/post"}],"author":[{"embeddable":true,"href":"https:\/\/www.europesays.com\/ee\/wp-json\/wp\/v2\/users\/2"}],"replies":[{"embeddable":true,"href":"https:\/\/www.europesays.com\/ee\/wp-json\/wp\/v2\/comments?post=150718"}],"version-history":[{"count":0,"href":"https:\/\/www.europesays.com\/ee\/wp-json\/wp\/v2\/posts\/150718\/revisions"}],"wp:featuredmedia":[{"embeddable":true,"href":"https:\/\/www.europesays.com\/ee\/wp-json\/wp\/v2\/media\/150699"}],"wp:attachment":[{"href":"https:\/\/www.europesays.com\/ee\/wp-json\/wp\/v2\/media?parent=150718"}],"wp:term":[{"taxonomy":"category","embeddable":true,"href":"https:\/\/www.europesays.com\/ee\/wp-json\/wp\/v2\/categories?post=150718"},{"taxonomy":"post_tag","embeddable":true,"href":"https:\/\/www.europesays.com\/ee\/wp-json\/wp\/v2\/tags?post=150718"}],"curies":[{"name":"wp","href":"https:\/\/api.w.org\/{rel}","templated":true}]}}