{"id":150860,"date":"2026-04-10T16:25:10","date_gmt":"2026-04-10T16:25:10","guid":{"rendered":"https:\/\/www.europesays.com\/ee\/150860\/"},"modified":"2026-04-10T16:25:10","modified_gmt":"2026-04-10T16:25:10","slug":"allar-levandi-sildarude-saagast-kui-leitakse-et-sellist-medalit-me-ei-taha-siis-tuleb-see-ka-ausalt-valja-oelda","status":"publish","type":"post","link":"https:\/\/www.europesays.com\/ee\/150860\/","title":{"rendered":"Allar Levandi Sildarude saagast: kui leitakse, et sellist medalit me ei taha, siis tuleb see ka ausalt v\u00e4lja \u00f6elda"},"content":{"rendered":"<p>\u201eHakkame sellest peale, et T\u00f5nis on teinud meile 100% medaleid. Ta on toonud Kellyga [Sildaru] ol\u00fcmpialt pronksmedali ja Henryga [Sildaru] n\u00fc\u00fcd h\u00f5beda. See tulemus on k\u00f5ige alus. Kui me leiame, et sellist medalit me ei taha, siis tuleb see ka ausalt v\u00e4lja \u00f6elda,\u201c s\u00f5nas Levandi T\u00f5nis Sildaru \u00fcmber puhkenud skandaali kohta <a rel=\"noopener nofollow\" target=\"_blank\" href=\"https:\/\/vikerraadio.err.ee\/1609980460\/vikerhommik-margit-kilumets-ja-sten-teppan\/72336ae204604845f67a84ea549b0421\" data-rel-date-range=\"[]\">\u201eVikerhommikus<\/a>\u201c.<\/p>\n<p>Levandi arvates r\u00e4\u00e4givad T\u00f5nise saavutused enda eest ning seet\u00f5ttu pole formaalsed paberid tema puhul esmat\u00e4htsad. \u201eTa on supertreener. Talle peaks kohe andma [treeneri] kategooria, kas kaheksanda v\u00f5i seitsmenda. Ta on t\u00f5estanud, et on ise uurinud k\u00f5iki asju, viinud ennast ise kurssi selle alaga.\u201c<\/p>\n<p>Levandi hinnangul on Sildarude saaga l\u00e4inud liiga kaugele ning treeneri kriitikud ei m\u00f5ista tippspordi olemust. <\/p>\n<p>\u201eTippu minek ei ole kunagi lihtne. Kui me n\u00fc\u00fcd lihtsustame, et \u00e4ra t\u00e4na tee, kui end pahasti tunneb, tee [trenni] oma tunde j\u00e4rgi, v\u00f5itmine ei ole t\u00e4htis, m\u00f5isa peale me ei m\u00e4ngi, siis saab minu m\u00f5istus otsa. Tippu ei ole teist teed, kui ennast \u00fcletades, treeneriga koos minnes. Vahepeal kakeldes, vahepeal leppides. See ongi see olemus. Muidu me v\u00f5ime juba v\u00e4lja \u00f6elda, et me ei tahagi medaleid,\u201c s\u00f5nas Levandi.<\/p>\n<p>Tema arvates on treenerite avaliku kritiseerimisega mindud liiale. \u201eTreener on kolmnurgas \u2013 lapsevanem, sportlane ja treener \u2013 k\u00f5ige vaiksem. Samas tema vastutus on suur. Treenerite \u00fchendus v\u00f5iks olla m\u00e4rksa aktiivsem, et kaitsta treenereid. V\u00f5imalusi treeneri t\u00fchistamiseks on v\u00e4ga palju.\u201c<\/p>\n<p>Levandi heidab spordijuhtidele k\u00f5ige enam ette, et konfliktid viidi avalikkuse ette. <\/p>\n<p>\u201eMina ei oleks spordijuhina hakanud sekkuma nendesse asjadesse. Emotsiooni pinnalt, kus me peaks olema r\u00f5\u00f5msad, me hakkasime hoopis kaklema. Aus oleks olnud [p\u00e4rast ol\u00fcmpiat] oodata v\u00e4hemalt paar kuud,\u201c m\u00e4rkis Levandi ja lisas: \u201eNeed asjad tuleb lahendada laua taga, mitte meedias. Spordijuht peaks olema nagu ema ja isa ning v\u00f5tma m\u00f5lemad pooled kokku ja panema nad r\u00e4\u00e4kima.\u201c<\/p>\n<p>\u201eKui me ei taha konflikte ja ebamugavust, siis peame v\u00e4lja \u00fctlema, et me ei tahagi medaleid. Aga kui tahame tipptulemusi, siis tuleb leppida sellega, kuidas sinna j\u00f5utakse,\u201c lisas Levandi.<\/p>\n<p>Kuidas see lugu Sind end tundma pani? Saada <a href=\"https:\/\/sport.delfi.ee\/artikkel\/120567862\/allar-levandi-sildarude-saagast-kui-leitakse-et-sellist-medalit-me-ei-taha-siis-tuleb-see-ka-ausalt-valja-oelda\/kommentaarid\" class=\"article-body-bottom__comment article-body-bottom__comment--write button button--primary button--size-auto\" rel=\"nofollow noopener\" target=\"_blank\"> Kommenteeri <\/a><a href=\"https:\/\/sport.delfi.ee\/artikkel\/120567862\/allar-levandi-sildarude-saagast-kui-leitakse-et-sellist-medalit-me-ei-taha-siis-tuleb-see-ka-ausalt-valja-oelda\/kommentaarid\" class=\"article-body-bottom__comment article-body-bottom__comment--read button button--size-auto\" rel=\"nofollow noopener\" target=\"_blank\"> Loe kommentaare (102)<\/a><\/p>\n","protected":false},"excerpt":{"rendered":"\u201eHakkame sellest peale, et T\u00f5nis on teinud meile 100% medaleid. Ta on toonud Kellyga [Sildaru] ol\u00fcmpialt pronksmedali ja&hellip;\n","protected":false},"author":2,"featured_media":150861,"comment_status":"","ping_status":"","sticky":false,"template":"","format":"standard","meta":{"footnotes":"","_share_on_mastodon":"0"},"categories":[18],"tags":[12798,37,33,35,34,36,2722,2720,2076,159,158,2721],"class_list":["post-150860","post","type-post","status-publish","format-standard","has-post-thumbnail","category-sport","tag-allar-levandi","tag-ee","tag-eesti","tag-eesti-keel","tag-estonia","tag-estonian","tag-henry-sildaru","tag-kelly-sildaru","tag-kersti-kaljulaid","tag-sport","tag-sports","tag-tonis-sildaru"],"share_on_mastodon":{"url":"https:\/\/pubeurope.com\/@ee\/116381347001067278","error":""},"_links":{"self":[{"href":"https:\/\/www.europesays.com\/ee\/wp-json\/wp\/v2\/posts\/150860","targetHints":{"allow":["GET"]}}],"collection":[{"href":"https:\/\/www.europesays.com\/ee\/wp-json\/wp\/v2\/posts"}],"about":[{"href":"https:\/\/www.europesays.com\/ee\/wp-json\/wp\/v2\/types\/post"}],"author":[{"embeddable":true,"href":"https:\/\/www.europesays.com\/ee\/wp-json\/wp\/v2\/users\/2"}],"replies":[{"embeddable":true,"href":"https:\/\/www.europesays.com\/ee\/wp-json\/wp\/v2\/comments?post=150860"}],"version-history":[{"count":0,"href":"https:\/\/www.europesays.com\/ee\/wp-json\/wp\/v2\/posts\/150860\/revisions"}],"wp:featuredmedia":[{"embeddable":true,"href":"https:\/\/www.europesays.com\/ee\/wp-json\/wp\/v2\/media\/150861"}],"wp:attachment":[{"href":"https:\/\/www.europesays.com\/ee\/wp-json\/wp\/v2\/media?parent=150860"}],"wp:term":[{"taxonomy":"category","embeddable":true,"href":"https:\/\/www.europesays.com\/ee\/wp-json\/wp\/v2\/categories?post=150860"},{"taxonomy":"post_tag","embeddable":true,"href":"https:\/\/www.europesays.com\/ee\/wp-json\/wp\/v2\/tags?post=150860"}],"curies":[{"name":"wp","href":"https:\/\/api.w.org\/{rel}","templated":true}]}}