{"id":150996,"date":"2026-04-10T21:45:10","date_gmt":"2026-04-10T21:45:10","guid":{"rendered":"https:\/\/www.europesays.com\/ee\/150996\/"},"modified":"2026-04-10T21:45:10","modified_gmt":"2026-04-10T21:45:10","slug":"kingitus-barcelonale-katalaanide-varava-suunas-turmtule-avanud-realil-olid-kaasas-paukpadrunid-soccernet-ee","status":"publish","type":"post","link":"https:\/\/www.europesays.com\/ee\/150996\/","title":{"rendered":"Kingitus Barcelonale! Katalaanide v\u00e4rava suunas turmtule avanud Realil olid kaasas paukpadrunid &#8211; Soccernet.ee"},"content":{"rendered":"<p><img decoding=\"async\" src=\"https:\/\/www.europesays.com\/ee\/wp-content\/uploads\/2026\/04\/1775854382.jpg\" alt=\"Girona hoidis Reali staarr\u00fcndaja Kylian Mbappe kuival. Foto: Scanpix \/ Thomas Coex \/ AFP\"\/>&#13;\n<\/p>\n<p>La Liga tiitlikaitsja Barcelona sai Hispaania rekordmeistrilt Real Madridilt kingituse, kui koduplatsil viigistati teise Kataloonia satsi Gironaga 1:1.<\/p>\n<p>Hispaanias algas nostalgiale p\u00fchendatud voor, kus k\u00f5ik klubid peale\u00a0Barcelona, Rayo Vallecano, Getafe (mainitud kolm l\u00f6\u00f6vad aktsioonis kaasa muul moel)\u00a0ja Real otsisid sahtlip\u00f5hjast \u00fcles retroh\u00f5ngulised vormid \u2014 Girona sai oma r\u00fc\u00fc jaoks inspiratsiooni hooajal 1991-92 kantud s\u00e4rgist. Lisaks said vana kuue kohtunike riided, m\u00e4ngupallid, ekraanigraafika ja palju muud.&#13;\n<\/p>\n<blockquote class=\"twitter-tweet\"><p>&#13;<\/p>\n<p lang=\"ca\" dir=\"ltr\">\ud83d\udcf0 Les alineacions per al partit d\u2019avui<a href=\"https:\/\/twitter.com\/hashtag\/RealMadridGirona?src=hash&amp;ref_src=twsrc%5Etfw\" rel=\"nofollow noopener\" target=\"_blank\">#RealMadridGirona<\/a> <a href=\"https:\/\/t.co\/oruGg59nTJ\" rel=\"nofollow\">pic.twitter.com\/oruGg59nTJ<\/a>&#13;<br \/>\n\u2014 Girona FC (@GironaFC) <a href=\"https:\/\/twitter.com\/GironaFC\/status\/2042660208799781122?ref_src=twsrc%5Etfw\" rel=\"nofollow noopener\" target=\"_blank\">April 10, 2026<\/a><\/p>\n<\/blockquote>\n<blockquote class=\"twitter-tweet\"><p>&#13;<\/p>\n<p lang=\"es\" dir=\"ltr\">Jornada retro en LaLiga \u2764\ufe0f<\/p>\n<p>En espa\u00f1a esta jornada varios equipos, los \u00e1rbitros y hasta la imagen de transmisi\u00f3n ser\u00e1 retro \ud83d\ude0e <a href=\"https:\/\/t.co\/ieBP5MOgXc\" rel=\"nofollow\">pic.twitter.com\/ieBP5MOgXc<\/a>&#13;<br \/>\n\u2014 ESPN.com.mx (@ESPNmx) <a href=\"https:\/\/twitter.com\/ESPNmx\/status\/2042680741155209523?ref_src=twsrc%5Etfw\" rel=\"nofollow noopener\" target=\"_blank\">April 10, 2026<\/a><\/p>\n<\/blockquote>\n<p>Aga moeteemadelt m\u00e4ngu juurde tulles. V\u00f5\u00f5rustaja Real sai 90 minuti l\u00f5ikes kirja 22 pealel\u00f6\u00f6ki, millest \u00fcheksa l\u00e4ks raami ja neist vaid \u00fcks sisse. 51. minutil osutus selleks t\u00e4pseks meheks Federico Valverde, kes p\u00e4rast Brahim Diazi s\u00f6\u00f6tu k\u00f5mmutas palli rohkem kui 20 meetrilt vasakusse alla nurka.&#13;\n<\/p>\n<p>Pealinlaste r\u00f5\u00f5mupidu ei kestnud kaua, sest 11 minutit hiljem oli seis j\u00e4lle viigis. Girona vastur\u00fcnnaku k\u00e4igus liikus pall Arnau Martinezilt Thomas Lemarile ning kaheksa aastat tagasi veel 72 miljonit eurot maksnud prantslane tulistas kera paremasse alla nurka.<\/p>\n<p>Reali tiitli\u0161anss on kahe viimase vooruga kahanenud m\u00e4rkimisv\u00e4\u00e4rselt. Kui praegu viigistati Gironaga, siis enne seda kaotati Mallorcale. N\u00fc\u00fcd j\u00e4\u00e4dakse \u00fche mat\u0161i v\u00e4hem pidanud Barcelonale alla kuue punktiga. 38 silma kogunud Girona leiab end tabelist \u00fcles 12. kohalt.&#13;\n<\/p>\n<p>          <script async src=\"https:\/\/platform.twitter.com\/widgets.js\" charset=\"utf-8\"><\/script><\/p>\n","protected":false},"excerpt":{"rendered":"&#13; La Liga tiitlikaitsja Barcelona sai Hispaania rekordmeistrilt Real Madridilt kingituse, kui koduplatsil viigistati teise Kataloonia satsi Gironaga&hellip;\n","protected":false},"author":2,"featured_media":150997,"comment_status":"","ping_status":"","sticky":false,"template":"","format":"standard","meta":{"footnotes":"","_share_on_mastodon":"0"},"categories":[18],"tags":[37,33,35,34,36,605,110,606,3073,609,159,158],"class_list":["post-150996","post","type-post","status-publish","format-standard","has-post-thumbnail","category-sport","tag-ee","tag-eesti","tag-eesti-keel","tag-estonia","tag-estonian","tag-girona","tag-hispaania","tag-la-liga","tag-real","tag-real-madrid","tag-sport","tag-sports"],"share_on_mastodon":{"url":"https:\/\/pubeurope.com\/@ee\/116382605450045768","error":""},"_links":{"self":[{"href":"https:\/\/www.europesays.com\/ee\/wp-json\/wp\/v2\/posts\/150996","targetHints":{"allow":["GET"]}}],"collection":[{"href":"https:\/\/www.europesays.com\/ee\/wp-json\/wp\/v2\/posts"}],"about":[{"href":"https:\/\/www.europesays.com\/ee\/wp-json\/wp\/v2\/types\/post"}],"author":[{"embeddable":true,"href":"https:\/\/www.europesays.com\/ee\/wp-json\/wp\/v2\/users\/2"}],"replies":[{"embeddable":true,"href":"https:\/\/www.europesays.com\/ee\/wp-json\/wp\/v2\/comments?post=150996"}],"version-history":[{"count":0,"href":"https:\/\/www.europesays.com\/ee\/wp-json\/wp\/v2\/posts\/150996\/revisions"}],"wp:featuredmedia":[{"embeddable":true,"href":"https:\/\/www.europesays.com\/ee\/wp-json\/wp\/v2\/media\/150997"}],"wp:attachment":[{"href":"https:\/\/www.europesays.com\/ee\/wp-json\/wp\/v2\/media?parent=150996"}],"wp:term":[{"taxonomy":"category","embeddable":true,"href":"https:\/\/www.europesays.com\/ee\/wp-json\/wp\/v2\/categories?post=150996"},{"taxonomy":"post_tag","embeddable":true,"href":"https:\/\/www.europesays.com\/ee\/wp-json\/wp\/v2\/tags?post=150996"}],"curies":[{"name":"wp","href":"https:\/\/api.w.org\/{rel}","templated":true}]}}