{"id":151006,"date":"2026-04-10T22:09:07","date_gmt":"2026-04-10T22:09:07","guid":{"rendered":"https:\/\/www.europesays.com\/ee\/151006\/"},"modified":"2026-04-10T22:09:07","modified_gmt":"2026-04-10T22:09:07","slug":"mis-saab-dubaist-eestlasest-kohvikuomanik-sojaolukorra-keskel-keeruline-otsus-ari-sulgeda-voib-tulla-juba-enne-suve","status":"publish","type":"post","link":"https:\/\/www.europesays.com\/ee\/151006\/","title":{"rendered":"Mis saab Dubaist? Eestlasest kohvikuomanik s\u00f5jaolukorra keskel: keeruline otsus \u00e4ri sulgeda v\u00f5ib tulla juba enne suve"},"content":{"rendered":"<p class=\"MsoNormal\">Sattusin juhuse tahtel kevade hakul Dubaisse ajal, mil algas Israeli ja USA s\u00f5da Iraani vastu. Keset p\u00e4ikeselist p\u00e4eva tabasid rahulikke naaberriike ootamatud drooni- ja raketir\u00fcnnakud. Otse minu pea kohal paukusid alla tulistatud raketid, \u00fcle hotelli katuse lendasid h\u00e4vituslennukid ja telefonid \u00fc\u00fcrgasid l\u00f5putute varjumisalarmidega. Imelisest puhkusest sai minutitega \u00f5udusunen\u00e4gu, mida toitis vaid \u00fcks m\u00f5te \u2013 p\u00f5geneda, ja v\u00f5imalikult kiiresti! K\u00f5ik, kes said, p\u00f5genesidki. Lennujaamad l\u00f5petasid n\u00e4dalateks t\u00f6\u00f6, turistidele lisaks kadusid linnast ka seal elavad ja t\u00f6\u00f6tavad v\u00f5\u00f5riikide kodanikud ehk rahvusvahelise nimega expat\u2019id. Kes l\u00e4ks kodukontorit pidama Taisse, kes suundus sunnitud puhkusele Balile. <\/p>\n<p class=\"MsoNormal\">Minul \u00f5nnestus pommide alt p\u00f5geneda naaberriiki Omaani, kus lennud toimisid ja taevas oli rahulik. Omaani pealinnas Muscatis Istanbuli suunduval lennul kohtasin eestlannat, kes k\u00e4is k\u00fclas oma Dubais elaval t\u00fctrel. Hirmunud naine r\u00e4\u00e4kis, et t\u00fctre korter asus 30. korrusel ja sealsetest maast laeni ulatuvatest klaasakendest olid nagu teleekraanil n\u00e4ha taevalaotuses maja poole suunduvad droonid, mis enne pilvel\u00f5hkujani j\u00f5udmist alla tulistati, nii et k\u00f5rghoone k\u00f5ikus valjust paugust. Majas oli ainult \u00fcleni klaasist lift, trepid puudusid ja varjendit maja all ei olnud \u2013 neid ei olegi Dubais. Kaua m\u00f5istagi sellises olukorras n\u00e4rvid vastu ei pea ja ka selle eestlanna t\u00fctar v\u00f5ttis puhkuse ning lendas Taisse pakku. Ema p\u00e4\u00e4ses liinibussiga Omaani ja ootas n\u00fc\u00fcd lendu Euroopasse.<\/p>\n<p>Oled juba tellija?Logi sisse<\/p>\n","protected":false},"excerpt":{"rendered":"Sattusin juhuse tahtel kevade hakul Dubaisse ajal, mil algas Israeli ja USA s\u00f5da Iraani vastu. Keset p\u00e4ikeselist p\u00e4eva&hellip;\n","protected":false},"author":2,"featured_media":151007,"comment_status":"","ping_status":"","sticky":false,"template":"","format":"standard","meta":{"footnotes":"","_share_on_mastodon":"0"},"categories":[80],"tags":[23759,13378,26,27,71264,37,33,35,34,36,31,32,21,28,29,95,71266,19,25,71265,23,24,22,20,30,92,93,94],"class_list":["post-151006","post","type-post","status-publish","format-standard","has-post-thumbnail","category-maailm","tag-abu-dhabi","tag-araabia-uhendemiraadid","tag-breaking-news","tag-breakingnews","tag-charlene-rennit","tag-ee","tag-eesti","tag-eesti-keel","tag-estonia","tag-estonian","tag-featured-news","tag-featurednews","tag-headlines","tag-latest-news","tag-latestnews","tag-maailm","tag-nadalavahetus-delfiga","tag-news","tag-populaarseimad-lood","tag-reet-kivi","tag-top-stories","tag-topstories","tag-uldised-uudised","tag-uudised","tag-viimased-uudised","tag-world","tag-world-news","tag-worldnews"],"share_on_mastodon":{"url":"https:\/\/pubeurope.com\/@ee\/116382699500747066","error":""},"_links":{"self":[{"href":"https:\/\/www.europesays.com\/ee\/wp-json\/wp\/v2\/posts\/151006","targetHints":{"allow":["GET"]}}],"collection":[{"href":"https:\/\/www.europesays.com\/ee\/wp-json\/wp\/v2\/posts"}],"about":[{"href":"https:\/\/www.europesays.com\/ee\/wp-json\/wp\/v2\/types\/post"}],"author":[{"embeddable":true,"href":"https:\/\/www.europesays.com\/ee\/wp-json\/wp\/v2\/users\/2"}],"replies":[{"embeddable":true,"href":"https:\/\/www.europesays.com\/ee\/wp-json\/wp\/v2\/comments?post=151006"}],"version-history":[{"count":0,"href":"https:\/\/www.europesays.com\/ee\/wp-json\/wp\/v2\/posts\/151006\/revisions"}],"wp:featuredmedia":[{"embeddable":true,"href":"https:\/\/www.europesays.com\/ee\/wp-json\/wp\/v2\/media\/151007"}],"wp:attachment":[{"href":"https:\/\/www.europesays.com\/ee\/wp-json\/wp\/v2\/media?parent=151006"}],"wp:term":[{"taxonomy":"category","embeddable":true,"href":"https:\/\/www.europesays.com\/ee\/wp-json\/wp\/v2\/categories?post=151006"},{"taxonomy":"post_tag","embeddable":true,"href":"https:\/\/www.europesays.com\/ee\/wp-json\/wp\/v2\/tags?post=151006"}],"curies":[{"name":"wp","href":"https:\/\/api.w.org\/{rel}","templated":true}]}}