{"id":151135,"date":"2026-04-11T06:36:32","date_gmt":"2026-04-11T06:36:32","guid":{"rendered":"https:\/\/www.europesays.com\/ee\/151135\/"},"modified":"2026-04-11T06:36:32","modified_gmt":"2026-04-11T06:36:32","slug":"lufthansa-streik-tuhistab-koik-reedesed-tallinna-ja-frankfurdi-vahelised-lennud","status":"publish","type":"post","link":"https:\/\/www.europesays.com\/ee\/151135\/","title":{"rendered":"Lufthansa streik t\u00fchistab k\u00f5ik reedesed Tallinna ja Frankfurdi vahelised lennud"},"content":{"rendered":"<p>\u201eReisijad, kellega lennufirma pole veel \u00fchendust v\u00f5tnud ja kes on sel kuup\u00e4eval lendamas peaksid Lufthansaga poole p\u00f6\u00f6rduma,\u201c \u00fctleb <a rel=\"noopener nofollow\" target=\"_blank\" href=\"https:\/\/www.delfi.ee\/teema\/34363295\/tallinna-lennujaam\" tag-id=\"34363295\">Tallinna lennujaama<\/a> turunduskommunikatsiooni projektijuht Aet H\u00e4rmaorg. <\/p>\n<p>Streigi kuulutas v\u00e4lja Saksa salongipersonali ameti\u00fching UFO ning see puudutab lennufirmasid Lufthansa ja Lufthansa Cityline. Ettev\u00f5tte teatel tabab olukord just lihav\u00f5ttep\u00fchadelt naasjaid. Reisijatel palutakse enne lennujaama suundumist lennu staatust kodulehelt kontrollida. Kellega ei ole veel \u00fchendust v\u00f5etud, peaksid p\u00f6\u00f6rduma otse Lufthansa poole digikanalite kaudu, sest k\u00f5nekeskused on praegu ootej\u00e4rjekordade t\u00f5ttu \u00fclekoormatud. Reisib\u00fcroost pileti ostnutel palutakse suhelda otse oma teenusepakkujaga. T\u00e4psemad juhised on leitavad Lufthansa <a rel=\"noopener follow nofollow\" target=\"_blank\" href=\"https:\/\/www.lufthansa.com\/ee\/en\/prepare-for-your-trip\/current-travel-information\" data-rel-date-range=\"[]\">kodulehel<\/a>.<\/p>\n<p>Reisijad, kelle pilet on v\u00e4ljastatud hiljemalt 8. aprillil reedesele (10. aprilli) lennule, saavad selle tasuta \u00fcmber broneerida m\u00f5nele teisele Lufthansa grupi lennule ajavahemikus 8.\u201317. aprill v\u00f5i k\u00fcsida kuni 10. aprillini pileti eest raha tagasi. Saksamaa-siseste t\u00fchistatud lendude puhul on v\u00f5imalik lennupilet vahetada Deutsche Bahni rongipileti vastu.<\/p>\n<p>Lufthansa prognoosib, et alates laup\u00e4evast, 11. aprillist taastub lennugraafik suures osas tavap\u00e4raseks.<\/p>\n<p>Kuidas see lugu Sind end tundma pani? Saada <a href=\"https:\/\/reisijuht.delfi.ee\/artikkel\/120567639\/lufthansa-streik-tuhistab-koik-reedesed-tallinna-ja-frankfurdi-vahelised-lennud\/kommentaarid\" class=\"article-body-bottom__comment article-body-bottom__comment--write button button--primary button--size-auto\" rel=\"nofollow noopener\" target=\"_blank\"> Kommenteeri <\/a><a href=\"https:\/\/reisijuht.delfi.ee\/artikkel\/120567639\/lufthansa-streik-tuhistab-koik-reedesed-tallinna-ja-frankfurdi-vahelised-lennud\/kommentaarid\" class=\"article-body-bottom__comment article-body-bottom__comment--read button button--size-auto\" rel=\"nofollow noopener\" target=\"_blank\"> Loe kommentaare (6)<\/a><\/p>\n","protected":false},"excerpt":{"rendered":"\u201eReisijad, kellega lennufirma pole veel \u00fchendust v\u00f5tnud ja kes on sel kuup\u00e4eval lendamas peaksid Lufthansaga poole p\u00f6\u00f6rduma,\u201c \u00fctleb&hellip;\n","protected":false},"author":2,"featured_media":151136,"comment_status":"","ping_status":"","sticky":false,"template":"","format":"standard","meta":{"footnotes":"","_share_on_mastodon":"0"},"categories":[12],"tags":[26,27,37,33,35,34,36,31,32,71307,21,28,29,15005,4683,19,25,1262,1766,23,24,22,20,30],"class_list":["post-151135","post","type-post","status-publish","format-standard","has-post-thumbnail","category-eesti","tag-breaking-news","tag-breakingnews","tag-ee","tag-eesti","tag-eesti-keel","tag-estonia","tag-estonian","tag-featured-news","tag-featurednews","tag-frankfurdi-lennujaam","tag-headlines","tag-latest-news","tag-latestnews","tag-lennud","tag-lufthansa","tag-news","tag-populaarseimad-lood","tag-streik","tag-tallinna-lennujaam","tag-top-stories","tag-topstories","tag-uldised-uudised","tag-uudised","tag-viimased-uudised"],"share_on_mastodon":{"url":"https:\/\/pubeurope.com\/@ee\/116384693304125114","error":""},"_links":{"self":[{"href":"https:\/\/www.europesays.com\/ee\/wp-json\/wp\/v2\/posts\/151135","targetHints":{"allow":["GET"]}}],"collection":[{"href":"https:\/\/www.europesays.com\/ee\/wp-json\/wp\/v2\/posts"}],"about":[{"href":"https:\/\/www.europesays.com\/ee\/wp-json\/wp\/v2\/types\/post"}],"author":[{"embeddable":true,"href":"https:\/\/www.europesays.com\/ee\/wp-json\/wp\/v2\/users\/2"}],"replies":[{"embeddable":true,"href":"https:\/\/www.europesays.com\/ee\/wp-json\/wp\/v2\/comments?post=151135"}],"version-history":[{"count":0,"href":"https:\/\/www.europesays.com\/ee\/wp-json\/wp\/v2\/posts\/151135\/revisions"}],"wp:featuredmedia":[{"embeddable":true,"href":"https:\/\/www.europesays.com\/ee\/wp-json\/wp\/v2\/media\/151136"}],"wp:attachment":[{"href":"https:\/\/www.europesays.com\/ee\/wp-json\/wp\/v2\/media?parent=151135"}],"wp:term":[{"taxonomy":"category","embeddable":true,"href":"https:\/\/www.europesays.com\/ee\/wp-json\/wp\/v2\/categories?post=151135"},{"taxonomy":"post_tag","embeddable":true,"href":"https:\/\/www.europesays.com\/ee\/wp-json\/wp\/v2\/tags?post=151135"}],"curies":[{"name":"wp","href":"https:\/\/api.w.org\/{rel}","templated":true}]}}