{"id":151215,"date":"2026-04-11T09:06:08","date_gmt":"2026-04-11T09:06:08","guid":{"rendered":"https:\/\/www.europesays.com\/ee\/151215\/"},"modified":"2026-04-11T09:06:08","modified_gmt":"2026-04-11T09:06:08","slug":"pildid-ekkm-is-avati-koler-prizei-nominentide-naitus-kunst","status":"publish","type":"post","link":"https:\/\/www.europesays.com\/ee\/151215\/","title":{"rendered":"Pildid: EKKM-is avati K\u00f6ler Prize&#8217;i nominentide n\u00e4itus | Kunst"},"content":{"rendered":"<p>Sel aastal antakse p\u00e4rast pikka pausi uuesti \u00fcle kunstiauhind K\u00f6ler Prize. 10. aprillil avati EKKM-is nominentide n\u00e4itus, preemia antakse \u00fcle 12. juunil.<\/p>\n<p>2026. aasta K\u00f6ler Prize&#8217;i nominendid on: Anna Mari Liivrand, Darja Popolitova, Hanna Samoson, Keiu Maasik ja Taavi Suisalu. &#8220;Viimane K\u00f6ler Prize toimus 2018. aastal, p\u00e4rast seda on auhinna v\u00e4ljaandmine olnud olude sunnil pausil. Kultuur, sealhulgas kunst ja kunstnikud, vajavad aga t\u00e4nases hapras maailmas endiselt, et mitte \u00f6elda varasemast rohkemgi t\u00e4helepanu ja tuge. K\u00f6ler Prize auhind saab seda pakkuda t\u00e4nu kunstis\u00f5bralikele eratoetajatele, kes peavad t\u00e4htsaks toetada kultuuri ka keerulistel aegadel,&#8221; s\u00f5nas EKKM-i tegevjuht Kadi Kesk\u00fcla.<\/p>\n<p>2026. aastal on 15 000 eurose suuruse peaauhinna sponsor Eesti kultuuriv\u00e4ljast v\u00f5rsunud\u00a0indie-videom\u00e4ngude stuudio ZA\/UM ja selle moeosakond ZA\/UM Atelier. Publikupreemia summas 5000 eurot paneb v\u00e4lja pikaaegne kultuuri toetaja advokaadib\u00fcroo Cobalt. Publikupreemia fondi saavad panustada ka k\u00fclastajad ning annetuses osalenute vahel loositakse v\u00e4lja teatripiletid Von Krahli ja Ekspeditsiooni etendustele ning eriauhinnad ZA\/UMilt ja Cobaltilt.<\/p>\n<p>2026. aasta auhinna\u017e\u00fcriisse kuuluvad kreeka kuraator ja kunstiteadlane Panos Giannikopoulos, Ruperti kunstiresidentuuri ja publikuprogrammide kuraator Monika Lip\u0161ic, kuraator ja PUBLICS&#8217;i kunstiline juht Paul O&#8217;Neill ning eelmise, 2018. aastal toimunud n\u00e4ituse peapreemia laureaadid Tanja Muravskaja ja Anna \u0160kodenko.<\/p>\n<p>K\u00f6ler Prize&#8217;i suurprojektiga kaasneb kataloog, mille on koostanud kunstiajaloolane ja -kriitik Andreas Trossek, kujundanud EKKM-i 2026. aasta graafiline disainer Rasmus Einman.<\/p>\n<p>Tagasi tuuakse ka nominentide loomingut tutvustav film &#8220;Ekraaniproovid K\u00f6ler Prize&#8217;ile&#8221;, re\u017eiss\u00f6\u00f6riks Piibe Kolka ja loovprodutsendiks Brigit Arop. Filmi esilinastus toimub 24. aprillil kl 20.00 kinos S\u00f5prus.<\/p>\n<p>12. juunil leiab aset suurejooneline auhinnagala, mille raames selgub K\u00f6ler Prize peapreemia laureaat ja publiku lemmik. Gala lavastavad kunstnikud Katariin Mudist ja Keithy Kuuspu.<\/p>\n<p>K\u00f6ler Prize&#8217;i n\u00e4itus j\u00e4\u00e4b EKKM-is avatuks 5. juulini 2026.\u00a0<\/p>\n","protected":false},"excerpt":{"rendered":"Sel aastal antakse p\u00e4rast pikka pausi uuesti \u00fcle kunstiauhind K\u00f6ler Prize. 10. aprillil avati EKKM-is nominentide n\u00e4itus, preemia&hellip;\n","protected":false},"author":2,"featured_media":151216,"comment_status":"","ping_status":"","sticky":false,"template":"","format":"standard","meta":{"footnotes":"","_share_on_mastodon":"0"},"categories":[16],"tags":[37,33,35,173,34,36,23003,190,140],"class_list":["post-151215","post","type-post","status-publish","format-standard","has-post-thumbnail","category-meelelahutus","tag-ee","tag-eesti","tag-eesti-keel","tag-entertainment","tag-estonia","tag-estonian","tag-koler-prize","tag-kunst","tag-meelelahutus"],"share_on_mastodon":{"url":"https:\/\/pubeurope.com\/@ee\/116385282909562419","error":""},"_links":{"self":[{"href":"https:\/\/www.europesays.com\/ee\/wp-json\/wp\/v2\/posts\/151215","targetHints":{"allow":["GET"]}}],"collection":[{"href":"https:\/\/www.europesays.com\/ee\/wp-json\/wp\/v2\/posts"}],"about":[{"href":"https:\/\/www.europesays.com\/ee\/wp-json\/wp\/v2\/types\/post"}],"author":[{"embeddable":true,"href":"https:\/\/www.europesays.com\/ee\/wp-json\/wp\/v2\/users\/2"}],"replies":[{"embeddable":true,"href":"https:\/\/www.europesays.com\/ee\/wp-json\/wp\/v2\/comments?post=151215"}],"version-history":[{"count":0,"href":"https:\/\/www.europesays.com\/ee\/wp-json\/wp\/v2\/posts\/151215\/revisions"}],"wp:featuredmedia":[{"embeddable":true,"href":"https:\/\/www.europesays.com\/ee\/wp-json\/wp\/v2\/media\/151216"}],"wp:attachment":[{"href":"https:\/\/www.europesays.com\/ee\/wp-json\/wp\/v2\/media?parent=151215"}],"wp:term":[{"taxonomy":"category","embeddable":true,"href":"https:\/\/www.europesays.com\/ee\/wp-json\/wp\/v2\/categories?post=151215"},{"taxonomy":"post_tag","embeddable":true,"href":"https:\/\/www.europesays.com\/ee\/wp-json\/wp\/v2\/tags?post=151215"}],"curies":[{"name":"wp","href":"https:\/\/api.w.org\/{rel}","templated":true}]}}