{"id":151270,"date":"2026-04-11T10:26:15","date_gmt":"2026-04-11T10:26:15","guid":{"rendered":"https:\/\/www.europesays.com\/ee\/151270\/"},"modified":"2026-04-11T10:26:15","modified_gmt":"2026-04-11T10:26:15","slug":"dortmund-pikendas-saksamaa-koondise-kaitsjaga-lepingut-2031-aastani-soccernet-ee","status":"publish","type":"post","link":"https:\/\/www.europesays.com\/ee\/151270\/","title":{"rendered":"Dortmund pikendas Saksamaa koondise kaitsjaga lepingut 2031. aastani &#8211; Soccernet.ee"},"content":{"rendered":"<p><img decoding=\"async\" src=\"https:\/\/www.europesays.com\/ee\/wp-content\/uploads\/2026\/04\/1775901082.jpg\" alt=\"Nico Schlotterbeck. Foto: Scanpix \/ Bahho Kara \/ Picture Alliance \/ Kirchner-Media\"\/>&#13;\n<\/p>\n<p>Bundesligas teisel kohal paiknev Dortmundi Borussia pikendas lepingut Saksamaa koondise keskkaitsja\u00a0Nico Schlotterbeckiga (26) 2031. aastani. Vana kontraht oleks l\u00f5ppenud j\u00e4rgmisel aastal.<\/p>\n<p>Schlotterbeck liitus Dortmundiga 2022. aastal Freiburgist. Ta on pidanud oma praeguse koduklubi s\u00e4rgis seni 155 ametlikku m\u00e4ngu (sealhulgas 2024. aasta Meistrite liiga finaal) ning on saanud kirja 10 v\u00e4ravat ja 18 resultatiivset s\u00f6\u00f6tu, vahendab Borussia koduleht.&#13;\n<\/p>\n<p>Saksamaa koondises deb\u00fcteeris Schlotterbeck 2022. aastal ning praeguseks on tema arvel 25 koondisem\u00e4ngu.&#13;\n<\/p>\n<p>Borussia spordidirektor\u00a0Lars Rickeni s\u00f5nul on Schlotterbeck liider nii klubis kui ka koondises ning suudab kindlasti areneda Dortmundis asendamatuks m\u00e4ngijaks.<\/p>\n","protected":false},"excerpt":{"rendered":"&#13; Bundesligas teisel kohal paiknev Dortmundi Borussia pikendas lepingut Saksamaa koondise keskkaitsja\u00a0Nico Schlotterbeckiga (26) 2031. aastani. Vana kontraht&hellip;\n","protected":false},"author":2,"featured_media":151271,"comment_status":"","ping_status":"","sticky":false,"template":"","format":"standard","meta":{"footnotes":"","_share_on_mastodon":"0"},"categories":[18],"tags":[527,5174,1705,37,33,35,34,36,71380,71381,71382,1259,71383,159,158],"class_list":["post-151270","post","type-post","status-publish","format-standard","has-post-thumbnail","category-sport","tag-bundesliga","tag-dortmund","tag-dortmundi-borussia","tag-ee","tag-eesti","tag-eesti-keel","tag-estonia","tag-estonian","tag-lars-ricken","tag-nico-schlotterbeck","tag-ricken","tag-saksamaa-korgliiga","tag-schlotterbeck","tag-sport","tag-sports"],"share_on_mastodon":{"url":"https:\/\/pubeurope.com\/@ee\/116385597704930362","error":""},"_links":{"self":[{"href":"https:\/\/www.europesays.com\/ee\/wp-json\/wp\/v2\/posts\/151270","targetHints":{"allow":["GET"]}}],"collection":[{"href":"https:\/\/www.europesays.com\/ee\/wp-json\/wp\/v2\/posts"}],"about":[{"href":"https:\/\/www.europesays.com\/ee\/wp-json\/wp\/v2\/types\/post"}],"author":[{"embeddable":true,"href":"https:\/\/www.europesays.com\/ee\/wp-json\/wp\/v2\/users\/2"}],"replies":[{"embeddable":true,"href":"https:\/\/www.europesays.com\/ee\/wp-json\/wp\/v2\/comments?post=151270"}],"version-history":[{"count":0,"href":"https:\/\/www.europesays.com\/ee\/wp-json\/wp\/v2\/posts\/151270\/revisions"}],"wp:featuredmedia":[{"embeddable":true,"href":"https:\/\/www.europesays.com\/ee\/wp-json\/wp\/v2\/media\/151271"}],"wp:attachment":[{"href":"https:\/\/www.europesays.com\/ee\/wp-json\/wp\/v2\/media?parent=151270"}],"wp:term":[{"taxonomy":"category","embeddable":true,"href":"https:\/\/www.europesays.com\/ee\/wp-json\/wp\/v2\/categories?post=151270"},{"taxonomy":"post_tag","embeddable":true,"href":"https:\/\/www.europesays.com\/ee\/wp-json\/wp\/v2\/tags?post=151270"}],"curies":[{"name":"wp","href":"https:\/\/api.w.org\/{rel}","templated":true}]}}