{"id":151530,"date":"2026-04-11T18:21:09","date_gmt":"2026-04-11T18:21:09","guid":{"rendered":"https:\/\/www.europesays.com\/ee\/151530\/"},"modified":"2026-04-11T18:21:09","modified_gmt":"2026-04-11T18:21:09","slug":"tuhja-paugutanud-milan-sai-jarjekordse-kaotuse-meistrite-liiga-koht-libiseb-kaest-soccernet-ee","status":"publish","type":"post","link":"https:\/\/www.europesays.com\/ee\/151530\/","title":{"rendered":"T\u00fchja paugutanud Milan sai j\u00e4rjekordse kaotuse. Meistrite liiga koht libiseb k\u00e4est? &#8211; Soccernet.ee"},"content":{"rendered":"<p><img decoding=\"async\" src=\"https:\/\/www.europesays.com\/ee\/wp-content\/uploads\/2026\/04\/1775929939.jpg\" alt=\"Rafael Leao ja Milan j\u00e4id kodus Udinese vastu kuivale. Foto: Scanpix \/ Antonio Calanni \/ AP Photo\"\/>&#13;\n<\/p>\n<p>Samal ajal kui Milano Inter liigub Itaalia meistritiitli suunas, siis linnarivaal AC Milan sai viimase nelja m\u00e4ngu jooksul juba kolmanda kaotuse, j\u00e4\u00e4des koduv\u00e4ljakul 0:3 alla Udinesele.<\/p>\n<p>Milanil on k\u00e4sil m\u00f5\u00f5naperiood &#8211; 15. m\u00e4rtsil kaotati v\u00f5\u00f5rsil Laziole 0:1, misj\u00e4rel alistati kodus Torino 3:2, aga siis kaotati v\u00f5\u00f5rsil Napolile 0:3 ja n\u00fc\u00fcd kodus Udinesele. Milan j\u00e4i Udinese vastu avapoolajal 0:2 kaotusseisu, kui esmalt lendas Arthur Atta tsenderdus riko\u0161etist v\u00e4ravasse\u00a0ja seej\u00e4rel skooris Jurgen Ekkelenkamp. L\u00f5ppseisu vormistas teisel poolajal Atta. Seejuures Milan tegi m\u00e4ngu jooksul 20 pealel\u00f6\u00f6ki Udinese 12 vastu, aga vaid kolm raamide vahele.&#13;\n<\/p>\n<p>Milan asub vaatamata viimase aja kehvadele tulemustele tabelis kolmandal kohal, kaotades m\u00e4ngu v\u00e4hem pidanud Interile \u00fcheksa ja Napolile kahe punktiga. Kui samamoodi j\u00e4tkatakse, siis v\u00f5ib Meistrite liiga pilet k\u00e4est libiseda, sest j\u00e4litajad Como, Juventus ja AS Roma ei ole kaugel. Udinese on k\u00fcmnendal tabelireal.&#13;\n<\/p>\n<p>K\u00f5rgliigasse p\u00fcsimaj\u00e4\u00e4mise nimel v\u00f5itlev Cremonese kaotas v\u00f5\u00f5rsil Cagliarile 0:1, kui m\u00e4ngu ainus v\u00e4rav s\u00fcndis teise poolaja keskel Sebastiano Esposito peal\u00f6\u00f6gist. Cagliari rebis ohutsoonist kuue punkti kaugusele. Cremonese paikneb napilt joone peal, aga 18. kohal oleval Leccel on sama palju punkte ja m\u00e4ng varuks.<\/p>\n<p>Keeruline on olukord 19. kohal asuval Hellas Veronal, kes kaotas v\u00f5\u00f5rsil Torinole 1:2 ja keda lahutab p\u00e4\u00e4stvast joonest \u00fcheksa punkti. Samasuguses seisus on punane latern Pisa, kes j\u00e4i reede \u00f5htul v\u00f5\u00f5rsil 0:3 alla Romale, kelle ridades s\u00e4ras k\u00fcbaratrikiga Donyell Malen.&#13;<\/p>\n","protected":false},"excerpt":{"rendered":"&#13; Samal ajal kui Milano Inter liigub Itaalia meistritiitli suunas, siis linnarivaal AC Milan sai viimase nelja m\u00e4ngu&hellip;\n","protected":false},"author":2,"featured_media":151531,"comment_status":"","ping_status":"","sticky":false,"template":"","format":"standard","meta":{"footnotes":"","_share_on_mastodon":"0"},"categories":[18],"tags":[1076,1540,5152,1818,37,33,35,34,36,1147,109,1541,1080,2519,1545,1082,159,158,1823,1083,1151],"class_list":["post-151530","post","type-post","status-publish","format-standard","has-post-thumbnail","category-sport","tag-ac-milan","tag-as-roma","tag-cagliari","tag-cremonese","tag-ee","tag-eesti","tag-eesti-keel","tag-estonia","tag-estonian","tag-hellas-verona","tag-itaalia","tag-itaalia-korgliiga","tag-milan","tag-pisa","tag-roma","tag-serie-a","tag-sport","tag-sports","tag-torino","tag-udinese","tag-verona"],"share_on_mastodon":{"url":"https:\/\/pubeurope.com\/@ee\/116387465498311801","error":""},"_links":{"self":[{"href":"https:\/\/www.europesays.com\/ee\/wp-json\/wp\/v2\/posts\/151530","targetHints":{"allow":["GET"]}}],"collection":[{"href":"https:\/\/www.europesays.com\/ee\/wp-json\/wp\/v2\/posts"}],"about":[{"href":"https:\/\/www.europesays.com\/ee\/wp-json\/wp\/v2\/types\/post"}],"author":[{"embeddable":true,"href":"https:\/\/www.europesays.com\/ee\/wp-json\/wp\/v2\/users\/2"}],"replies":[{"embeddable":true,"href":"https:\/\/www.europesays.com\/ee\/wp-json\/wp\/v2\/comments?post=151530"}],"version-history":[{"count":0,"href":"https:\/\/www.europesays.com\/ee\/wp-json\/wp\/v2\/posts\/151530\/revisions"}],"wp:featuredmedia":[{"embeddable":true,"href":"https:\/\/www.europesays.com\/ee\/wp-json\/wp\/v2\/media\/151531"}],"wp:attachment":[{"href":"https:\/\/www.europesays.com\/ee\/wp-json\/wp\/v2\/media?parent=151530"}],"wp:term":[{"taxonomy":"category","embeddable":true,"href":"https:\/\/www.europesays.com\/ee\/wp-json\/wp\/v2\/categories?post=151530"},{"taxonomy":"post_tag","embeddable":true,"href":"https:\/\/www.europesays.com\/ee\/wp-json\/wp\/v2\/tags?post=151530"}],"curies":[{"name":"wp","href":"https:\/\/api.w.org\/{rel}","templated":true}]}}