{"id":151785,"date":"2026-04-12T06:56:07","date_gmt":"2026-04-12T06:56:07","guid":{"rendered":"https:\/\/www.europesays.com\/ee\/151785\/"},"modified":"2026-04-12T06:56:07","modified_gmt":"2026-04-12T06:56:07","slug":"anthropicu-uus-ti-mudel-on-liiga-voimas-et-avalikuks-teha","status":"publish","type":"post","link":"https:\/\/www.europesays.com\/ee\/151785\/","title":{"rendered":"Anthropicu uus TI mudel on liiga v\u00f5imas, et avalikuks teha"},"content":{"rendered":"<p>TI ettev\u00f5te Anthropic teatas n\u00e4dala alguses oma uuest mudelist Mythos. K\u00f5igi avaldatud v\u00f5rdlustestide p\u00f5hjal on Claude Mythos Preview k\u00f5ige v\u00f5imsam tehisintellekti mudel seni. See on juba leidnud tuhandeid turvaauke \u00fcle veebibrauserite ning operatsioonis\u00fcsteemide. Tuleb v\u00e4lja, et Mythos on nii v\u00f5imas, et ettev\u00f5tte ise on hinnanud mudeli avalikustamiseks liiga ohtlikuks. <\/p>\n<p>Vaid m\u00f5nen\u00e4dalase testimise jooksul \u00f5nnestus mudelil tuvastada l\u00fcnke turvas\u00fcsteemides, mida inimesed tuvastada suutnud pole. See leidis haavatavuse operatsioonis\u00fcsteemis OpenBSD, mida peetakse \u00fcheks turvalisemaks maailmas ning mida kasutatakse tulem\u00fc\u00fcride ja kriitilise infrastruktuuri opereerimiseks. 27 aasta jooksul ei avastanud inimesed seda viga kordagi. <a rel=\"noopener follow nofollow\" target=\"_blank\" href=\"https:\/\/www.forbes.com\/sites\/jonmarkman\/2026\/04\/08\/what-is-claude-mythos-and-why-anthropic-wont-let-anyone-use-it\/\" data-rel-date-range=\"[]\">Selliseid n\u00e4iteid on veel.<\/a><\/p>\n<p>\u201eTehisintellekti mudelid on j\u00f5udnud sellisele programmeerimisoskuse tasemele, et suudavad tarkvara turvaaukude leidmisel ja \u00e4rakasutamisel \u00fcletada k\u00f5iki peale k\u00f5ige kogenumate inimeste,\u201c teatas ettev\u00f5te. Mudeli avalikustamise asemel anti Project Glasswingi raames ligip\u00e4\u00e4s suurfirmadele nagu Amazon, Apple, Google, Microsoft ja Nvidia ning organisatsioonidele, mis haldavad kriitilist tarkvarainfrastruktuuri.<\/p>\n<p>Mis Anthropicule endalegi muret tekitas, oli asjaolu, et algse testimise ajal hakkas Mythos iseseisvalt tegutsema. Varasemad versioonid mudelist tegid r\u00fcnnaku \u00fcksikasju avalikuks, peitsid oma j\u00e4lgi ja otsisid m\u00e4lust kasutajatunnuseid, et h\u00e4ire k\u00e4ivitamist v\u00e4ltida. Testimise k\u00e4igus \u00fcritas Mythos Preview m\u00f5nedel juhtudel varjata asjaolu, et tegusid sooritas, mille keelatuses ta arvatavasti teadlik oli.<\/p>\n<p>\u201eMeie l\u00f5ppeesm\u00e4rk on v\u00f5imaldada kasutajatel Mythos-klassi mudeleid turvaliselt laiaulatuslikult kasutusele v\u00f5tta \u2013 nii k\u00fcberturvalisuse eesm\u00e4rgil kui ka selleks, et saada osa lugematutest muudest eelistest, mida sellised v\u00f5imsad mudelid kaasa toovad,\u201c kirjutas meeskond oma blogis. \u201eSelleks peame tegema edusamme k\u00fcberturvalisuse (ja muude) kaitsemeetmete v\u00e4ljat\u00f6\u00f6tamisel, mis tuvastavad ja blokeerivad mudeli k\u00f5ige ohtlikumaid v\u00e4ljundeid.\u201c<\/p>\n<p>Kuidas see lugu Sind end tundma pani? Saada <a href=\"https:\/\/forte.delfi.ee\/artikkel\/120568026\/anthropicu-uus-ti-mudel-on-liiga-voimas-et-avalikuks-teha\/kommentaarid\" class=\"article-body-bottom__comment article-body-bottom__comment--write button button--primary button--size-auto\" rel=\"nofollow noopener\" target=\"_blank\"> Kommenteeri <\/a><a href=\"https:\/\/forte.delfi.ee\/artikkel\/120568026\/anthropicu-uus-ti-mudel-on-liiga-voimas-et-avalikuks-teha\/kommentaarid\" class=\"article-body-bottom__comment article-body-bottom__comment--read button button--size-auto\" rel=\"nofollow noopener\" target=\"_blank\"> Loe kommentaare (9)<\/a><\/p>\n","protected":false},"excerpt":{"rendered":"TI ettev\u00f5te Anthropic teatas n\u00e4dala alguses oma uuest mudelist Mythos. K\u00f5igi avaldatud v\u00f5rdlustestide p\u00f5hjal on Claude Mythos Preview&hellip;\n","protected":false},"author":2,"featured_media":42589,"comment_status":"","ping_status":"","sticky":false,"template":"","format":"standard","meta":{"footnotes":"","_share_on_mastodon":"0"},"categories":[5],"tags":[7582,26,27,37,33,35,34,36,31,32,21,28,29,19,25,373,23,24,71741,22,20,30],"class_list":["post-151785","post","type-post","status-publish","format-standard","has-post-thumbnail","category-uldised-uudised","tag-anthropic","tag-breaking-news","tag-breakingnews","tag-ee","tag-eesti","tag-eesti-keel","tag-estonia","tag-estonian","tag-featured-news","tag-featurednews","tag-headlines","tag-latest-news","tag-latestnews","tag-news","tag-populaarseimad-lood","tag-tehisintellekt","tag-top-stories","tag-topstories","tag-turvaaugud","tag-uldised-uudised","tag-uudised","tag-viimased-uudised"],"share_on_mastodon":{"url":"https:\/\/pubeurope.com\/@ee\/116390434222413901","error":""},"_links":{"self":[{"href":"https:\/\/www.europesays.com\/ee\/wp-json\/wp\/v2\/posts\/151785","targetHints":{"allow":["GET"]}}],"collection":[{"href":"https:\/\/www.europesays.com\/ee\/wp-json\/wp\/v2\/posts"}],"about":[{"href":"https:\/\/www.europesays.com\/ee\/wp-json\/wp\/v2\/types\/post"}],"author":[{"embeddable":true,"href":"https:\/\/www.europesays.com\/ee\/wp-json\/wp\/v2\/users\/2"}],"replies":[{"embeddable":true,"href":"https:\/\/www.europesays.com\/ee\/wp-json\/wp\/v2\/comments?post=151785"}],"version-history":[{"count":0,"href":"https:\/\/www.europesays.com\/ee\/wp-json\/wp\/v2\/posts\/151785\/revisions"}],"wp:featuredmedia":[{"embeddable":true,"href":"https:\/\/www.europesays.com\/ee\/wp-json\/wp\/v2\/media\/42589"}],"wp:attachment":[{"href":"https:\/\/www.europesays.com\/ee\/wp-json\/wp\/v2\/media?parent=151785"}],"wp:term":[{"taxonomy":"category","embeddable":true,"href":"https:\/\/www.europesays.com\/ee\/wp-json\/wp\/v2\/categories?post=151785"},{"taxonomy":"post_tag","embeddable":true,"href":"https:\/\/www.europesays.com\/ee\/wp-json\/wp\/v2\/tags?post=151785"}],"curies":[{"name":"wp","href":"https:\/\/api.w.org\/{rel}","templated":true}]}}