{"id":151818,"date":"2026-04-12T07:58:08","date_gmt":"2026-04-12T07:58:08","guid":{"rendered":"https:\/\/www.europesays.com\/ee\/151818\/"},"modified":"2026-04-12T07:58:08","modified_gmt":"2026-04-12T07:58:08","slug":"estonia-publikupreemia-palvisid-juuli-lill-ja-raiko-raalik-teater","status":"publish","type":"post","link":"https:\/\/www.europesays.com\/ee\/151818\/","title":{"rendered":"Estonia publikupreemia p\u00e4lvisid Juuli Lill ja Raiko Raalik | Teater"},"content":{"rendered":"<p>11. aprillil kuulutati Rahvusooperis Estonia v\u00e4lja publikupreemia t\u00e4navused laureaadid, kelleks on ooperisolistid Juuli Lill ja Raiko Raalik. Preemia saajad valiti m\u00f6\u00f6dunud teatrikuul toimunud publikuh\u00e4\u00e4letuse tulemusel.<\/p>\n<p>\u00a0Metsosopran Juuli Lill on \u00f5ppinud laulmist Rimski-Korsakovi nimelises Peterburi Riiklikus Konservatooriumis (1999\u20132001, professor Iraida Levanda klassis) ja Eesti Muusikaakadeemias (2001\u20132005, professor Mati Palmi klassis), aastail 2004\u20132006 Viini Muusika- ja Esituskunstide \u00dclikoolis (juhendaja Leopold Spitzer) ning aastail 2005\u20132009 Eesti Muusika- ja Teatriakadeemia magistri\u00f5ppes (professor Mati Palmi juhendamisel). Ta on t\u00e4iendanud end Thbilisis professor Got\u0161ha Bezut\u0161vili juures ja New Yorgis Lucy Arneri ja Ira Siffi juures.<\/p>\n<p>Juuli Lill on Rahvusooper Estonia solist alates 2006. aastast ning Eesti teatri aastaauhinna laureaat 2018. K\u00e4esoleva aasta kevadhooajal saab Juuli Lille n\u00e4ha lavastustes &#8220;V\u00f5lufl\u00f6\u00f6t&#8221;, &#8220;Buratino&#8221; ja &#8220;Orpheus p\u00f5rgus&#8221;, samuti astub ta \u00fcles kammerkontserdil &#8220;Tumedad k\u00f5lad ja v\u00f5lud: volbri\u00f6\u00f6 jutud ja legendid&#8221;.<\/p>\n<p>Bass Raiko Raalik on \u00f5ppinud Heino Elleri Muusikakoolis Taisto Noore lauluklassis ning Eesti Muusika- ja Teatriakadeemias dotsent Taavi Tampuu klassis. Hooajal 2017\/2018 oli Raiko Raalik Rahvusooper Estonia stipendiaat ja 2018. aasta s\u00fcgisel sai temast samas koosseisuline solist. Ta on osalenud Eva M\u00e4rtsoni, Gundula Hintzi ja Caroline Dowdle&#8217;i meistrikursustel ning teeb aktiivselt koost\u00f6\u00f6d ka teatriga Vanemuine.<\/p>\n<p>Aastal 2017 saavutas Raiko Raalik PLMF vabariiklikul vokalistide konkursil III koha ning p\u00e4lvis Rahvusooper Estonia eripreemia. 2019. aasta s\u00fcgisel sai ta Estonia Seltsi Naan P\u00f5llu nimelise auhinna koos Eesti Rahvuskultuuri Fondi stipendiumiga ja 2020. aasta kevadel esimese koha itaalia aariate esitamise eest rahvusvahelisel Immlingi lauluv\u00f5istlusel. 2020. aasta Vello J\u00fcrna nimelisel vokalistide konkursil v\u00f5itis Raiko esikoha, lisaks p\u00e4lvis ta PromFesti, Eesti Kontserdi ja Vanemuise teatri eripreemiad. 2024. aastal tunnustati Raalikut Eesti teatri aastaauhinnaga nimiosa eest Eino Tambergi ooperis &#8220;Cyrano de Bergerac&#8221; ning Golaud&#8217; osat\u00e4itmise eest Claude Debussy ooperis &#8220;Pell\u00e9as ja M\u00e9lisande&#8221;. K\u00e4esoleval kevadel saab Raiko Raalikut n\u00e4ha lavastustes &#8220;V\u00f5lufl\u00f6\u00f6t&#8221;, &#8220;Pell\u00e9as ja M\u00e9lisande&#8221;, &#8220;Carmen&#8221;, &#8220;Lohengrin&#8221; ja &#8220;Madama Butterfly.<\/p>\n<p>Preemiaga k\u00e4ib kaasas 2000-eurone rahaline preemia ning auhind, mis kujutab kaht aplodeerivat k\u00e4tt, autoriks Eesti Kunstiakadeemia ehte- ja sepakunsti osakonna dotsent, kunstnik Nils Hint.<\/p>\n","protected":false},"excerpt":{"rendered":"11. aprillil kuulutati Rahvusooperis Estonia v\u00e4lja publikupreemia t\u00e4navused laureaadid, kelleks on ooperisolistid Juuli Lill ja Raiko Raalik. Preemia&hellip;\n","protected":false},"author":2,"featured_media":151819,"comment_status":"","ping_status":"","sticky":false,"template":"","format":"standard","meta":{"footnotes":"","_share_on_mastodon":"0"},"categories":[18],"tags":[37,33,35,34,36,12652,1789,71756,159,158],"class_list":["post-151818","post","type-post","status-publish","format-standard","has-post-thumbnail","category-sport","tag-ee","tag-eesti","tag-eesti-keel","tag-estonia","tag-estonian","tag-juuli-lill","tag-rahvusooper-estonia","tag-raiko-raalik","tag-sport","tag-sports"],"share_on_mastodon":{"url":"https:\/\/pubeurope.com\/@ee\/116390677963069433","error":""},"_links":{"self":[{"href":"https:\/\/www.europesays.com\/ee\/wp-json\/wp\/v2\/posts\/151818","targetHints":{"allow":["GET"]}}],"collection":[{"href":"https:\/\/www.europesays.com\/ee\/wp-json\/wp\/v2\/posts"}],"about":[{"href":"https:\/\/www.europesays.com\/ee\/wp-json\/wp\/v2\/types\/post"}],"author":[{"embeddable":true,"href":"https:\/\/www.europesays.com\/ee\/wp-json\/wp\/v2\/users\/2"}],"replies":[{"embeddable":true,"href":"https:\/\/www.europesays.com\/ee\/wp-json\/wp\/v2\/comments?post=151818"}],"version-history":[{"count":0,"href":"https:\/\/www.europesays.com\/ee\/wp-json\/wp\/v2\/posts\/151818\/revisions"}],"wp:featuredmedia":[{"embeddable":true,"href":"https:\/\/www.europesays.com\/ee\/wp-json\/wp\/v2\/media\/151819"}],"wp:attachment":[{"href":"https:\/\/www.europesays.com\/ee\/wp-json\/wp\/v2\/media?parent=151818"}],"wp:term":[{"taxonomy":"category","embeddable":true,"href":"https:\/\/www.europesays.com\/ee\/wp-json\/wp\/v2\/categories?post=151818"},{"taxonomy":"post_tag","embeddable":true,"href":"https:\/\/www.europesays.com\/ee\/wp-json\/wp\/v2\/tags?post=151818"}],"curies":[{"name":"wp","href":"https:\/\/api.w.org\/{rel}","templated":true}]}}