{"id":151924,"date":"2026-04-12T10:48:08","date_gmt":"2026-04-12T10:48:08","guid":{"rendered":"https:\/\/www.europesays.com\/ee\/151924\/"},"modified":"2026-04-12T10:48:08","modified_gmt":"2026-04-12T10:48:08","slug":"ministeerium-kaalub-voimalust-lubada-osal-opilastel-lopetada-kutsekool-ilma-eksamita","status":"publish","type":"post","link":"https:\/\/www.europesays.com\/ee\/151924\/","title":{"rendered":"Ministeerium kaalub v\u00f5imalust lubada osal \u00f5pilastel l\u00f5petada kutsekool ilma eksamita"},"content":{"rendered":"<p>Uues kutseseaduse eeln\u00f5us tuleb kasutusele <a rel=\"noopener nofollow\" target=\"_blank\" href=\"https:\/\/www.delfi.ee\/teema\/96942426\/esmakutse\" tag-id=\"96942426\">esmakutse<\/a> m\u00f5iste. See t\u00e4hendab, et kui \u00f5ppija l\u00f5petab \u00f5ppekava ja omandab vajalikud oskused, v\u00f5ib kool tema p\u00e4devust kinnitada juba \u00f5pingute k\u00e4igus. Seega ei pea m\u00f5nel erialal p\u00e4rast \u00f5ppekava l\u00e4bimist enam eraldi kutseeksamit tegema, seda aga ainult siis, kui kutseala on seadusega reguleerimata. <\/p>\n<p>N\u00e4iteks on \u00f5petaja ja \u00e4mmaemand seadusega reguleeritud kutsed, mille puhul on seaduse j\u00e4rgi vaja t\u00f6\u00f6tamiseks kutset t\u00f5endada. Seevastu erialadel, kus kutse ei ole t\u00f6\u00f6turule sisenemiseks kohustuslik, v\u00f5ib l\u00f5petaja saada esmakutse ilma eksamita \u2013 n\u00e4iteks \u00f5mbleja- v\u00f5i pagarikutse puhul.<\/p>\n<p>Oled juba tellija?Logi sisse<\/p>\n<p><a href=\"https:\/\/www.delfi.ee\/artikkel\/120566133\/ministeerium-kaalub-voimalust-lubada-osal-opilastel-lopetada-kutsekool-ilma-eksamita\/kommentaarid\" class=\"article-body-bottom__comment article-body-bottom__comment--write button button--primary button--size-auto\" rel=\"nofollow noopener\" target=\"_blank\"> Kommenteeri <\/a><a href=\"https:\/\/www.delfi.ee\/artikkel\/120566133\/ministeerium-kaalub-voimalust-lubada-osal-opilastel-lopetada-kutsekool-ilma-eksamita\/kommentaarid\" class=\"article-body-bottom__comment article-body-bottom__comment--read button button--size-auto\" rel=\"nofollow noopener\" target=\"_blank\"> Loe kommentaare (41)<\/a><\/p>\n","protected":false},"excerpt":{"rendered":"Uues kutseseaduse eeln\u00f5us tuleb kasutusele esmakutse m\u00f5iste. See t\u00e4hendab, et kui \u00f5ppija l\u00f5petab \u00f5ppekava ja omandab vajalikud oskused,&hellip;\n","protected":false},"author":2,"featured_media":151925,"comment_status":"","ping_status":"","sticky":false,"template":"","format":"standard","meta":{"footnotes":"","_share_on_mastodon":"0"},"categories":[5],"tags":[26,27,37,33,35,71855,34,36,31,32,21,648,71856,1312,33908,23441,28,29,19,25,23,24,22,20,30],"class_list":["post-151924","post","type-post","status-publish","format-standard","has-post-thumbnail","category-uldised-uudised","tag-breaking-news","tag-breakingnews","tag-ee","tag-eesti","tag-eesti-keel","tag-esmakutse","tag-estonia","tag-estonian","tag-featured-news","tag-featurednews","tag-headlines","tag-kristina-kallas","tag-kulli-all","tag-kutseharidus","tag-kutseharidusreform","tag-kutsekool","tag-latest-news","tag-latestnews","tag-news","tag-populaarseimad-lood","tag-top-stories","tag-topstories","tag-uldised-uudised","tag-uudised","tag-viimased-uudised"],"share_on_mastodon":{"url":"https:\/\/pubeurope.com\/@ee\/116391346404447065","error":""},"_links":{"self":[{"href":"https:\/\/www.europesays.com\/ee\/wp-json\/wp\/v2\/posts\/151924","targetHints":{"allow":["GET"]}}],"collection":[{"href":"https:\/\/www.europesays.com\/ee\/wp-json\/wp\/v2\/posts"}],"about":[{"href":"https:\/\/www.europesays.com\/ee\/wp-json\/wp\/v2\/types\/post"}],"author":[{"embeddable":true,"href":"https:\/\/www.europesays.com\/ee\/wp-json\/wp\/v2\/users\/2"}],"replies":[{"embeddable":true,"href":"https:\/\/www.europesays.com\/ee\/wp-json\/wp\/v2\/comments?post=151924"}],"version-history":[{"count":0,"href":"https:\/\/www.europesays.com\/ee\/wp-json\/wp\/v2\/posts\/151924\/revisions"}],"wp:featuredmedia":[{"embeddable":true,"href":"https:\/\/www.europesays.com\/ee\/wp-json\/wp\/v2\/media\/151925"}],"wp:attachment":[{"href":"https:\/\/www.europesays.com\/ee\/wp-json\/wp\/v2\/media?parent=151924"}],"wp:term":[{"taxonomy":"category","embeddable":true,"href":"https:\/\/www.europesays.com\/ee\/wp-json\/wp\/v2\/categories?post=151924"},{"taxonomy":"post_tag","embeddable":true,"href":"https:\/\/www.europesays.com\/ee\/wp-json\/wp\/v2\/tags?post=151924"}],"curies":[{"name":"wp","href":"https:\/\/api.w.org\/{rel}","templated":true}]}}