{"id":152038,"date":"2026-04-12T14:07:07","date_gmt":"2026-04-12T14:07:07","guid":{"rendered":"https:\/\/www.europesays.com\/ee\/152038\/"},"modified":"2026-04-12T14:07:07","modified_gmt":"2026-04-12T14:07:07","slug":"uksinda-kutiorus-elav-peeter-laurits-ma-pakuks-et-motlen-surmale-iga-paev-ja-motlen-sunnile-ja-armastusele","status":"publish","type":"post","link":"https:\/\/www.europesays.com\/ee\/152038\/","title":{"rendered":"\u00dcksinda K\u00fctiorus elav Peeter Laurits: ma pakuks, et m\u00f5tlen surmale iga p\u00e4ev. Ja m\u00f5tlen s\u00fcnnile ja armastusele"},"content":{"rendered":"<p class=\"MsoNormal\">Peeter Laurits (64) taandus pealinna melust V\u00f5rumaale m\u00fcstilisse K\u00fctiorgu 1990ndate keskel. Seal, v\u00e4ekas pelgupaigas, oli alternatiivkultuur \u00f5itsenud juba 1970ndatel \u2013 teisitim\u00f5tlejad otsisid K\u00fctioru vaikuses lohutust. Lummavas looduses kujunes Peetrist m\u00f5tleja, kunstnik ja \u00f6koloog \u00fches isikus, ning K\u00fctiorg ravis ka tema hinge terveks. Nii nagu Peeter noore tudengina kippus toonase kunstikogukonna juurde, on temast n\u00fc\u00fcd saanud guru t\u00e4nastele \u00fcli\u00f5pilastele.<\/p>\n<p class=\"MsoNormal\">Johan Huimerindi t\u00f5sielufilmi \u201eLaskumine orgu\u201c, mis r\u00e4\u00e4gib Peeter Lauritsast, esilinastus meelitas Peetri K\u00fctiorust Tallinnasse. Kroonikale intervjuud andes ajab Peeter korduvalt oma pruunid silmad \u00fcmarate prillide taga punni ja naerab laginal nagu laps. Tema jaoks ei ole tabusid, keelde ega k\u00e4ske. Ta paistab inimesena l\u00e4bi nagu K\u00fctiorg, kust puudub k\u00f5ik ebaloomulik ja v\u00f5lts. <\/p>\n<p>Oled juba tellija?Logi sisse<\/p>\n","protected":false},"excerpt":{"rendered":"Peeter Laurits (64) taandus pealinna melust V\u00f5rumaale m\u00fcstilisse K\u00fctiorgu 1990ndate keskel. Seal, v\u00e4ekas pelgupaigas, oli alternatiivkultuur \u00f5itsenud juba&hellip;\n","protected":false},"author":2,"featured_media":152039,"comment_status":"","ping_status":"","sticky":false,"template":"","format":"standard","meta":{"footnotes":"","_share_on_mastodon":"0"},"categories":[91],"tags":[240,37,33,35,173,34,36,71867,241,50102,140,27266],"class_list":["post-152038","post","type-post","status-publish","format-standard","has-post-thumbnail","category-kuulsused","tag-celebrities","tag-ee","tag-eesti","tag-eesti-keel","tag-entertainment","tag-estonia","tag-estonian","tag-kutiorg","tag-kuulsused","tag-laskumine-orgu","tag-meelelahutus","tag-peeter-laurits"],"share_on_mastodon":{"url":"https:\/\/pubeurope.com\/@ee\/116392128866469307","error":""},"_links":{"self":[{"href":"https:\/\/www.europesays.com\/ee\/wp-json\/wp\/v2\/posts\/152038","targetHints":{"allow":["GET"]}}],"collection":[{"href":"https:\/\/www.europesays.com\/ee\/wp-json\/wp\/v2\/posts"}],"about":[{"href":"https:\/\/www.europesays.com\/ee\/wp-json\/wp\/v2\/types\/post"}],"author":[{"embeddable":true,"href":"https:\/\/www.europesays.com\/ee\/wp-json\/wp\/v2\/users\/2"}],"replies":[{"embeddable":true,"href":"https:\/\/www.europesays.com\/ee\/wp-json\/wp\/v2\/comments?post=152038"}],"version-history":[{"count":0,"href":"https:\/\/www.europesays.com\/ee\/wp-json\/wp\/v2\/posts\/152038\/revisions"}],"wp:featuredmedia":[{"embeddable":true,"href":"https:\/\/www.europesays.com\/ee\/wp-json\/wp\/v2\/media\/152039"}],"wp:attachment":[{"href":"https:\/\/www.europesays.com\/ee\/wp-json\/wp\/v2\/media?parent=152038"}],"wp:term":[{"taxonomy":"category","embeddable":true,"href":"https:\/\/www.europesays.com\/ee\/wp-json\/wp\/v2\/categories?post=152038"},{"taxonomy":"post_tag","embeddable":true,"href":"https:\/\/www.europesays.com\/ee\/wp-json\/wp\/v2\/tags?post=152038"}],"curies":[{"name":"wp","href":"https:\/\/api.w.org\/{rel}","templated":true}]}}