{"id":152211,"date":"2026-04-12T19:14:06","date_gmt":"2026-04-12T19:14:06","guid":{"rendered":"https:\/\/www.europesays.com\/ee\/152211\/"},"modified":"2026-04-12T19:14:06","modified_gmt":"2026-04-12T19:14:06","slug":"valguskaablita-majapidamised-otsivad-lahendusi-internetiuhenduse-saamiseks-eesti","status":"publish","type":"post","link":"https:\/\/www.europesays.com\/ee\/152211\/","title":{"rendered":"Valguskaablita majapidamised otsivad lahendusi interneti\u00fchenduse saamiseks | Eesti"},"content":{"rendered":"<p>Kuigi Eesti elanike argitoimingud on \u00fcha digitaalsemad, pole kiire kaabelinternet j\u00f5udnud k\u00f5igi \u00f5uele. Kuidas ja kui kiire internet Eesti maanurkadesse j\u00f5uab ning kas selle jaoks kasutatakse ka satelliit\u00fchendust, uuris &#8220;AK. N\u00e4dal&#8221;.<\/p>\n<p>Kuigi riik on juba k\u00fcmneid miljoneid kulutanud valguskaablite paigaldamiseks, on Eestis aasta taguse seisuga ligi 120 000 majapidamist, kus sellist \u00fchendust veel pole. Sarnaselt paljudele teistele maksis ka Teet Kalmus aastaid tagasi 300 eurot, et saada valguskaabel, kuid valguskaablit pole siiani ja lootus selle saamiseks on kadunud.<\/p>\n<p>&#8220;\u00dcks teema on see, et sa pead tegema ehitusprojekti ja ehitusprojekt, kui see minu majani tuleb, l\u00e4bib paljusid kinnistuid ja alati leidub keegi, kes ei anna koosk\u00f5lastust. Teine probleem on selles, et kui paigaldada, peaksid k\u00f5ik olema huvitatud selle investeeringu tegemisest, aga kuniks teema on jututasemel, on k\u00f5ik huvitatud, aga kui asjaks l\u00e4heb, siis tihti paljud ei ole n\u00f5us seda raha andma ja kui vahelt keegi \u00e4ra kukub, siis see asi ei realiseeru,&#8221; lausus P\u00f5lvamaa elanik Teet Kalmus.<\/p>\n<p>Arvestades vajadust ka kodus t\u00f6\u00f6d teha, on Kalmus saanud endale koju paigaldada p\u00fcsi\u00fchenduse \u00fcle \u00f5hu, mis on tema s\u00f5nul t\u00f6\u00f6kindlam kui mobiilsideoperaatorite pakutavad variandid. <\/p>\n<p>&#8220;On vastuv\u00f5tja ja saatja asub mastis. Tegemist on s\u00fcmmeetrilise andmeside \u00fchendusega, kus m\u00f5lemat pidi kiirus on sama. Meie n\u00e4itel on see 100-100. V\u00f5ib olla ka 400-400, aga meil lihtsalt nii kiiret ei ole vaja. aga paljude inimeste jaoks see siiski ei ole variant. Ta eeldab otsesidet nende seadmete vahel ja kui see seade asub mastist kaugel ja vahele j\u00e4\u00e4vad looduslikud takistused, siis paraku tekivad suured probleemid,&#8221; s\u00f5nas Kalmus.<\/p>\n<p>V\u00f5rumaal elav Jaano Kalder sellist \u00fchendust kodu juurde luua ei saaks. M\u00f5ned aastad tagasi lootis temagi valguskaablile, kuid praegu pole ei valguskaablit ega selle saamiseks makstud raha. Nii kasutab ta \u00fcle \u00f5hu levivat Elisa internetti.<\/p>\n<p>&#8220;Me oleme erinevaid operaatoreid katsetanud, aga kuna siin mobiilside on nii halb, siis oleme j\u00e4\u00e4nud Elisa peale p\u00fcsima. Teised operaatorid on kahjuks oma levi poolest siin n\u00f5rgaks j\u00e4\u00e4nud. Eile \u00f5htul vaatasin oli 30 allalaadimist ja \u00fcleslaadimist oli viie ja kaheksa vahel. Kui telekas t\u00f6\u00f6tab ja meile saab saata, siis on v\u00e4ga okei,&#8221; \u00fctles Kalder.<\/p>\n<p>Kui \u00fched saavad \u00fcle \u00f5hu leviva internetiga rahul olla, siis teisel pool j\u00e4rve Kalderi kodust on interneti\u00fchendus ebastabiilsem, mist\u00f5ttu otsustati seal Starlinki kasuks.<\/p>\n<p>&#8220;Kunagi oli Telia ja tollel kiirused olid v\u00e4ga v\u00e4iksed &#8211; \u00e4kki 5mb. Siis oli Elisa lahendus, aga Elisaga oli see teema, et kuigi kiirus oli enam-v\u00e4hem okei, siis ta v\u00f5ttis V\u00e4rska masti pealt levi ja kui V\u00e4rskas oli mingi \u00fcritus v\u00f5i Treskis, mis on populaarne peokoht, siis mul internetti enam ei olnud. Rahvast oli nii palju, mis v\u00f5ttis kogu interneti \u00e4ra,&#8221; lausus Siim Kalder.<\/p>\n<p>Ligi kolm kuud kasutuses olnud Starlink on ennast seni Kalderi s\u00f5nul t\u00f5estanud.<\/p>\n<p>&#8220;Ega ta oluliselt kallim ei ole kui need teised teenused. Kui sul on kiirus 450 v\u00f5i on 20, siis maksad enam-v\u00e4hem sama hinda ja ilmselgelt tuleb valida parim lahendus nendest,&#8221; \u00fctles Kalder.<\/p>\n<p>Kalmuse s\u00f5nul ongi Starlink viimasel ajal kiirelt arenenud ja nii leidub ka tema tutvusringkonnas mitmeid inimesi, kes on stabiilsema interneti saamiseks Starlinki kasuks otsustanud.<\/p>\n<p>&#8220;Kui paar aastat tagasi oli 5500 t\u00f6\u00f6tavat satelliiti, siis t\u00e4na juba on 10 000 ja see arv kasvab kiirelt, mis t\u00e4hendab seda, et nende poolt pakutav teenus muutub j\u00e4rjest paremaks ja on muutunud j\u00e4rjest odavamaks. Linnast v\u00e4ljas ei olegi \u00fclem\u00e4\u00e4ra palju valikuid ja selles m\u00f5ttes ma n\u00e4en Starlinki tulekut ka konkurentsile kasuks tuleva asjaoluna. Ma olen ka j\u00e4lginud neid pakutavaid teenuseid, et mis hinnaga pakutakse mobiilsidet firmade poolt ja tundub, et see Starlinki tulemine juba on m\u00f5ju avaldanud, sest need hinnad on pidama j\u00e4\u00e4nud 30 euro juurde,&#8221; \u00fctles Kalmus.<\/p>\n<p>Samal ajal j\u00e4tkatakse siiski ka valguskaablite vedamisega. Aastaid valguskaablit lootnud P\u00f5lvamaa elaniku Indrek Maripuu \u00f5uele saabus \u00f5nn ligi kuu aega tagasi. Kulude h\u00fcpet see tema s\u00f5nul kaasa ei toonud ja nii j\u00e4\u00e4b teenuse hind tema jaoks alla 30 euro.<\/p>\n<p>&#8220;Enne seda meil on olnud h\u00e4sti erinevaid ajaj\u00e4rkusid. On olnud vaja istuda autosse ja s\u00f5ita levialasse, et teha kiired asjad \u00e4ra. Kui ma m\u00f5tlen, mis on klientidel olnud, siis kui on olnud startupi seltskonnad, siis nemad on vahest teinud arvutikaane lahti ja vaadanud, et siin ei ole mingit kiirust ja selle kinni pannud ning mingi asja tegemise edasi l\u00fckanud. Kuidas n\u00fc\u00fcd juhtus see, et j\u00e4rsku see kaabel siia j\u00f5udis, ma tegelikult t\u00e4pselt ei tea. J\u00e4lle \u00fchel hetkel \u00f6eldi, et on \u00fcks uus v\u00f5imalus, meie haarasime sellest v\u00f5imalusest kinni ja seekord see realiseerus,&#8221; s\u00f5nas Maripuu.<\/p>\n<p>\n\t\t\t\t\tAllikas:<br \/>\n\t\t\t\t\t&#8220;AK. N\u00e4dal&#8221;<\/p>\n","protected":false},"excerpt":{"rendered":"Kuigi Eesti elanike argitoimingud on \u00fcha digitaalsemad, pole kiire kaabelinternet j\u00f5udnud k\u00f5igi \u00f5uele. Kuidas ja kui kiire internet&hellip;\n","protected":false},"author":2,"featured_media":150927,"comment_status":"","ping_status":"","sticky":false,"template":"","format":"standard","meta":{"footnotes":"","_share_on_mastodon":"0"},"categories":[12],"tags":[26,27,37,33,35,2717,34,36,31,32,21,57231,5281,71968,28,29,19,25,71969,11393,35686,1999,23,24,22,20,5282,71967,30],"class_list":["post-152211","post","type-post","status-publish","format-standard","has-post-thumbnail","category-eesti","tag-breaking-news","tag-breakingnews","tag-ee","tag-eesti","tag-eesti-keel","tag-elisa","tag-estonia","tag-estonian","tag-featured-news","tag-featurednews","tag-headlines","tag-indrek-maripuu","tag-internetiuhendus","tag-jaano-kalder","tag-latest-news","tag-latestnews","tag-news","tag-populaarseimad-lood","tag-siim-kalder","tag-starlink","tag-teet-kalmus","tag-telia","tag-top-stories","tag-topstories","tag-uldised-uudised","tag-uudised","tag-valguskaabel","tag-valguskaabel-maapiirkondadesse","tag-viimased-uudised"],"share_on_mastodon":{"url":"https:\/\/pubeurope.com\/@ee\/116393336172426003","error":""},"_links":{"self":[{"href":"https:\/\/www.europesays.com\/ee\/wp-json\/wp\/v2\/posts\/152211","targetHints":{"allow":["GET"]}}],"collection":[{"href":"https:\/\/www.europesays.com\/ee\/wp-json\/wp\/v2\/posts"}],"about":[{"href":"https:\/\/www.europesays.com\/ee\/wp-json\/wp\/v2\/types\/post"}],"author":[{"embeddable":true,"href":"https:\/\/www.europesays.com\/ee\/wp-json\/wp\/v2\/users\/2"}],"replies":[{"embeddable":true,"href":"https:\/\/www.europesays.com\/ee\/wp-json\/wp\/v2\/comments?post=152211"}],"version-history":[{"count":0,"href":"https:\/\/www.europesays.com\/ee\/wp-json\/wp\/v2\/posts\/152211\/revisions"}],"wp:featuredmedia":[{"embeddable":true,"href":"https:\/\/www.europesays.com\/ee\/wp-json\/wp\/v2\/media\/150927"}],"wp:attachment":[{"href":"https:\/\/www.europesays.com\/ee\/wp-json\/wp\/v2\/media?parent=152211"}],"wp:term":[{"taxonomy":"category","embeddable":true,"href":"https:\/\/www.europesays.com\/ee\/wp-json\/wp\/v2\/categories?post=152211"},{"taxonomy":"post_tag","embeddable":true,"href":"https:\/\/www.europesays.com\/ee\/wp-json\/wp\/v2\/tags?post=152211"}],"curies":[{"name":"wp","href":"https:\/\/api.w.org\/{rel}","templated":true}]}}