{"id":15222,"date":"2025-10-09T07:43:11","date_gmt":"2025-10-09T07:43:11","guid":{"rendered":"https:\/\/www.europesays.com\/ee\/15222\/"},"modified":"2025-10-09T07:43:11","modified_gmt":"2025-10-09T07:43:11","slug":"ametlik-kalle-rovanpera-lopetab-rallikarjaari-ja-votab-vastu-uue-valjakutse","status":"publish","type":"post","link":"https:\/\/www.europesays.com\/ee\/15222\/","title":{"rendered":"AMETLIK | Kalle Rovanper\u00e4 l\u00f5petab rallikarj\u00e4\u00e4ri ja v\u00f5tab vastu uue v\u00e4ljakutse"},"content":{"rendered":"<p>Pressiteate kohaselt hakkab kahekordne autoralli maailmameister uuel hooajal v\u00f5istlema Toyota ridades Jaapani Super Formula sarjas, et j\u00f5uda vormelimaailmas \u201ev\u00f5imalikult k\u00f5rgele tasemele\u201c.<\/p>\n<p>\u201eSee ei olnud lihtne otsus ja olen m\u00f5elnud sellele pikalt. Olles juba nii noorelt nii palju rallis saavutanud, hakkasin m\u00f5tlema, mis v\u00f5imalusi ja v\u00e4ljakutseid tahaksin veel ette v\u00f5tta,\u201c r\u00e4\u00e4kis 25-aastane soomlane pressiteate vahendusel. \u201eSee oli raske otsus, aga tundub praegu \u00f5ige.\u201c<\/p>\n<p>Rovanper\u00e4, kes vahetab rallimehe karj\u00e4\u00e4ri vormelis\u00f5itja vastu, t\u00f5des, et tegu on justkui pea ees vette h\u00fcppamisega. \u201eOotan seda v\u00e4ga ning meil on TGR-i (Toyota Gazoo Racinguga) pandud paika plaan, kuidas v\u00f5imalikult h\u00e4sti selleks valmis olla,\u201c s\u00f5nas soomlane.<\/p>\n<p>Rovanper\u00e4 v\u00f5itis 2022. aastal ajaloo noorima s\u00f5itjana WRC tiitli. J\u00e4rgmisel hooajal krooniti ta kahekordseks maailmameistriks. Oma esimese etapiv\u00f5idu p\u00e4lvis ta 2021. aasta Rally Estonial. 20 aasta ja 289 p\u00e4eva vanusena sai temast ajaloo noorim MM-ralli v\u00f5itja.<\/p>\n<p>Kogu WRC karj\u00e4\u00e4r on kulgenud kaardilugeja Jonne Halttuneni k\u00f5rval. \u201eMul pole v\u00f5imalik Jonnet piisavalt t\u00e4nada, oleme esimesest p\u00e4evast koos t\u00f6\u00f6tanud. Suur t\u00e4nu k\u00f5ikidele f\u00e4nnidele, kes on meid heas ja halvas toetanud. Meil on veel kolm rallit minna ning anname endast k\u00f5ik.\u201c<\/p>\n<p>Karj\u00e4\u00e4ri jooksul 17 MM-rallit v\u00f5itnud Rovanper\u00e4 tegi juba eelmisel aastal pooliku hooaja, ent naases t\u00e4navu Toyotasse t\u00e4isprogrammi alusel. Toyota pealik Jari-Matti Latvala s\u00f5nas omapoolses kommentaaris samuti, et soomlane on noore ea kohta juba palju saavutanud.<\/p>\n<p>\u201eOn ainult loomulik, et ta tahab uusi v\u00e4ljakutseid vanuses, mil see on veel v\u00f5imalik. Oleme n\u00e4inud, et teised s\u00f5itjad tulevad ja proovivad rallit, aga harva n\u00e4eme vastupidist, et rallis\u00f5itja paneb end proovile ringrajasarjas,\u201c viitas Latvala kaasmaalase otsusele j\u00e4tkata karj\u00e4\u00e4ri Jaapani vormelisarjas. Super Formula sarja masinaid peetakse vormel 1 j\u00e4rel \u00fcheks v\u00f5imsamateks.<\/p>\n<p>\u201eKolm rallit on j\u00e4\u00e4nud ja kindlasti tahab ta rallikarj\u00e4\u00e4ri l\u00f5petada maailmameistrina, kuigi kaks tiimikaaslast jahivad samuti tiitlit. J\u00e4\u00e4me teda igatsema, aga Toyota on t\u00f6\u00f6tanud k\u00f5vasti noori talente arendades ning oleme kindlad, et v\u00f5ime 2026. aastal toetuda tugevale koosseisule.\u201c<\/p>\n<p>Autoralli MM-sarja hooaja l\u00f5puni on j\u00e4\u00e4nud kolm etappi. Rovanper\u00e4 on \u00fcldarvestuses kolmas 203 punktiga. Tema ees on tiimikaaslased Sebastien Ogier (224 p) ja Elfyn Evans (222 p) ning selja taga Hyundai s\u00f5itja Ott T\u00e4nak (181 p). WRC sari j\u00e4tkub j\u00e4rgmisel n\u00e4dalal toimuva Kesk-Euroopa etapiga.<\/p>\n<p>     Kuidas see lugu Sind end tundma pani?<br \/>\n        Saada<br \/>\n           <a href=\"https:\/\/sport.delfi.ee\/artikkel\/120409128\/ametlik-kalle-rovanpera-lopetab-rallikarjaari-ja-votab-vastu-uue-valjakutse\/kommentaarid\" class=\"article-body-bottom__comment article-body-bottom__comment--write button button--primary button--size-auto\" rel=\"nofollow noopener\" target=\"_blank\"><br \/>\n        Kommenteeri<br \/>\n       <\/a> <a href=\"https:\/\/sport.delfi.ee\/artikkel\/120409128\/ametlik-kalle-rovanpera-lopetab-rallikarjaari-ja-votab-vastu-uue-valjakutse\/kommentaarid\" class=\"article-body-bottom__comment article-body-bottom__comment--read button button--size-auto\" rel=\"nofollow noopener\" target=\"_blank\"><br \/>\n        Loe kommentaare (9) <\/a>  <\/p>\n","protected":false},"excerpt":{"rendered":"Pressiteate kohaselt hakkab kahekordne autoralli maailmameister uuel hooajal v\u00f5istlema Toyota ridades Jaapani Super Formula sarjas, et j\u00f5uda vormelimaailmas&hellip;\n","protected":false},"author":2,"featured_media":15223,"comment_status":"","ping_status":"","sticky":false,"template":"","format":"standard","meta":{"footnotes":""},"categories":[18],"tags":[37,33,35,34,36,3729,159,158],"class_list":{"0":"post-15222","1":"post","2":"type-post","3":"status-publish","4":"format-standard","5":"has-post-thumbnail","7":"category-sport","8":"tag-ee","9":"tag-eesti","10":"tag-eesti-keel","11":"tag-estonia","12":"tag-estonian","13":"tag-kalle-rovanpera","14":"tag-sport","15":"tag-sports"},"share_on_mastodon":{"url":"","error":""},"_links":{"self":[{"href":"https:\/\/www.europesays.com\/ee\/wp-json\/wp\/v2\/posts\/15222","targetHints":{"allow":["GET"]}}],"collection":[{"href":"https:\/\/www.europesays.com\/ee\/wp-json\/wp\/v2\/posts"}],"about":[{"href":"https:\/\/www.europesays.com\/ee\/wp-json\/wp\/v2\/types\/post"}],"author":[{"embeddable":true,"href":"https:\/\/www.europesays.com\/ee\/wp-json\/wp\/v2\/users\/2"}],"replies":[{"embeddable":true,"href":"https:\/\/www.europesays.com\/ee\/wp-json\/wp\/v2\/comments?post=15222"}],"version-history":[{"count":0,"href":"https:\/\/www.europesays.com\/ee\/wp-json\/wp\/v2\/posts\/15222\/revisions"}],"wp:featuredmedia":[{"embeddable":true,"href":"https:\/\/www.europesays.com\/ee\/wp-json\/wp\/v2\/media\/15223"}],"wp:attachment":[{"href":"https:\/\/www.europesays.com\/ee\/wp-json\/wp\/v2\/media?parent=15222"}],"wp:term":[{"taxonomy":"category","embeddable":true,"href":"https:\/\/www.europesays.com\/ee\/wp-json\/wp\/v2\/categories?post=15222"},{"taxonomy":"post_tag","embeddable":true,"href":"https:\/\/www.europesays.com\/ee\/wp-json\/wp\/v2\/tags?post=15222"}],"curies":[{"name":"wp","href":"https:\/\/api.w.org\/{rel}","templated":true}]}}