{"id":152224,"date":"2026-04-12T19:55:10","date_gmt":"2026-04-12T19:55:10","guid":{"rendered":"https:\/\/www.europesays.com\/ee\/152224\/"},"modified":"2026-04-12T19:55:10","modified_gmt":"2026-04-12T19:55:10","slug":"ametlik-korvpallur-stefan-vaaks-liitub-usa-tippulikooliga","status":"publish","type":"post","link":"https:\/\/www.europesays.com\/ee\/152224\/","title":{"rendered":"AMETLIK | Korvpallur Stefan Vaaks liitub USA tipp\u00fclikooliga"},"content":{"rendered":"<p>ESPN-ile kinnitasid uudist Vaaksi agendid Excel Sports Managementist ja Eesti aja j\u00e4rgi p\u00fchap\u00e4eva hilis\u00f5htul postitas Vaaks \u00fclemineku kohta ka enda Instagrami kontol. L\u00f5ppenud hooajal esindas 20-aastane Vaaks Providence\u2019i \u00fclikooli, kus viskas keskmiselt 15,8 punkti ja andis 3,2 korvis\u00f6\u00f6tu.<\/p>\n<p>Illinois Fighting Illini v\u00f5istkond kuulub USA \u00fclikoolikorvpalli eliiti. Alates 2021. aastast pole nad kordagi NCAA turniirilt ehk M\u00e4rtsihulluselt v\u00e4lja j\u00e4\u00e4nud. T\u00e4navu j\u00f5uti poolfinaali, kus kaotati 62:71 Connecticuti \u00fclikoolile.<\/p>\n<p>\u00dcheksandat aastat on peatreeneriks Brad Underwood. Tegemist on NCAA \u00fche euroopalikuma korvpallitiimiga. L\u00f5ppenud hooajal esindasid tiimi kolm horvaati, \u00fcks montenegrolane, \u00fcks serblane ning Kreeka, Serbia ja USA passiga Andrej Stojakovic, kes on kunagise Serbia \u00e4ssa Predrag Stojakovici poeg.<\/p>\n<p>Kuidas see lugu Sind end tundma pani? Saada <a href=\"https:\/\/sport.delfi.ee\/a\/120568149\/usa-meedia-korvpallur-stefan-vaaks-liitub-usa-tippulikooliga\/kommentaarid\" class=\"article-body-bottom__comment article-body-bottom__comment--write button button--primary button--size-auto\" rel=\"nofollow noopener\" target=\"_blank\"> Kommenteeri <\/a><a href=\"https:\/\/sport.delfi.ee\/a\/120568149\/usa-meedia-korvpallur-stefan-vaaks-liitub-usa-tippulikooliga\/kommentaarid\" class=\"article-body-bottom__comment article-body-bottom__comment--read button button--size-auto\" rel=\"nofollow noopener\" target=\"_blank\"> Loe kommentaare (3)<\/a><\/p>\n","protected":false},"excerpt":{"rendered":"ESPN-ile kinnitasid uudist Vaaksi agendid Excel Sports Managementist ja Eesti aja j\u00e4rgi p\u00fchap\u00e4eva hilis\u00f5htul postitas Vaaks \u00fclemineku kohta&hellip;\n","protected":false},"author":2,"featured_media":152225,"comment_status":"","ping_status":"","sticky":false,"template":"","format":"standard","meta":{"footnotes":"","_share_on_mastodon":"0"},"categories":[18],"tags":[37,33,35,34,36,159,158,13206],"class_list":["post-152224","post","type-post","status-publish","format-standard","has-post-thumbnail","category-sport","tag-ee","tag-eesti","tag-eesti-keel","tag-estonia","tag-estonian","tag-sport","tag-sports","tag-stefan-vaaks"],"share_on_mastodon":{"url":"https:\/\/pubeurope.com\/@ee\/116393497168421975","error":""},"_links":{"self":[{"href":"https:\/\/www.europesays.com\/ee\/wp-json\/wp\/v2\/posts\/152224","targetHints":{"allow":["GET"]}}],"collection":[{"href":"https:\/\/www.europesays.com\/ee\/wp-json\/wp\/v2\/posts"}],"about":[{"href":"https:\/\/www.europesays.com\/ee\/wp-json\/wp\/v2\/types\/post"}],"author":[{"embeddable":true,"href":"https:\/\/www.europesays.com\/ee\/wp-json\/wp\/v2\/users\/2"}],"replies":[{"embeddable":true,"href":"https:\/\/www.europesays.com\/ee\/wp-json\/wp\/v2\/comments?post=152224"}],"version-history":[{"count":0,"href":"https:\/\/www.europesays.com\/ee\/wp-json\/wp\/v2\/posts\/152224\/revisions"}],"wp:featuredmedia":[{"embeddable":true,"href":"https:\/\/www.europesays.com\/ee\/wp-json\/wp\/v2\/media\/152225"}],"wp:attachment":[{"href":"https:\/\/www.europesays.com\/ee\/wp-json\/wp\/v2\/media?parent=152224"}],"wp:term":[{"taxonomy":"category","embeddable":true,"href":"https:\/\/www.europesays.com\/ee\/wp-json\/wp\/v2\/categories?post=152224"},{"taxonomy":"post_tag","embeddable":true,"href":"https:\/\/www.europesays.com\/ee\/wp-json\/wp\/v2\/tags?post=152224"}],"curies":[{"name":"wp","href":"https:\/\/api.w.org\/{rel}","templated":true}]}}