{"id":152319,"date":"2026-04-13T02:31:12","date_gmt":"2026-04-13T02:31:12","guid":{"rendered":"https:\/\/www.europesays.com\/ee\/152319\/"},"modified":"2026-04-13T02:31:12","modified_gmt":"2026-04-13T02:31:12","slug":"suurema-osa-mangust-vahemuses-toimetanud-werder-naelutati-voorsil-st-pauli-naabriks-soccernet-ee","status":"publish","type":"post","link":"https:\/\/www.europesays.com\/ee\/152319\/","title":{"rendered":"Suurema osa m\u00e4ngust v\u00e4hemuses toimetanud Werder naelutati v\u00f5\u00f5rsil St. Pauli naabriks &#8211; Soccernet.ee"},"content":{"rendered":"<p><img decoding=\"async\" src=\"https:\/\/www.europesays.com\/ee\/wp-content\/uploads\/2026\/04\/1776020084.jpg\" alt=\"K\u00f6ln kinkis Werderile teise j\u00e4rjestikuse kaotuse. Foto: Scanpix \/ Thomas Stoecker \/ IMAGO\"\/>&#13;\n<\/p>\n<p>Hooaja l\u00f5puni vigastuspausil oleva\u00a0Eesti koondise esiv\u00e4ravavahi Karl Jakob Heina t\u00e4navune koduklubi Bremeni Werder sai Bundesligas teise j\u00e4rjestikuse kaotuse, kui v\u00f5\u00f5rsil alistuti K\u00f6lnile 1:3.<\/p>\n<p>Werderi h\u00e4dad algasid juba m\u00e4ngu alguses, kui Olivier Deman p\u00f5hjustas penalti, mille skooris seitsmendal minutil Said El Mala. Natukene rohkem kui veerand tundi hiljem j\u00e4id k\u00fclalised viimase kaitsjana tehtud vea t\u00f5ttu ilma kapten Marco Friedlist, kes sai punase kaardi ja seet\u00f5ttu j\u00e4ttis oma v\u00f5istkonna arvulisse v\u00e4hemusse.&#13;\n<\/p>\n<p>K\u00f6lni juhtseis suurenes alles p\u00e4rast t\u00e4istundi, kui esmalt tabas tabas Cenk \u00d6zkacari peal\u00f6\u00f6k p\u00e4rast kornerit posti, seej\u00e4rel sai m\u00f5nelt meetrilt kaks korda proovida Ragnar Ache, kuniks pall v\u00e4ravas l\u00f5petas. Werder tegi 76. minutil Romano Schmidi realiseeritud 11 meetri karistusl\u00f6\u00f6giga seisu p\u00f5nevaks, ent seitsmendal \u00fcleminutil sai v\u00e4ravavaht Mio Backhaus kirja omav\u00e4rava, kui ta v\u00e4rava ette tulnud palli omale puuri t\u00f5rjus.&#13;\n<\/p>\n<p>Werder j\u00e4\u00e4b p\u00e4rast 29. vooru Karol Metsa v\u00f5istkonna St. Pauli tabelinaabriks, kui Bremeni tiim on 28 punktiga 15. kohal ja Hamburgi sats 25 silmaga \u00fcleminekum\u00e4ngudele viival 16. positsioonil. Ja kui r\u00e4\u00e4kida Hamburgi v\u00f5istkondadest, siis 12. real asuv HSV lammutati kolmandal kohal asuva Stuttgarti poolt 4:0 varuosadeks. Kaheksas meeskond Freiburg sai tabelinaabrite duellis 1:0 jagu Mainzist.<\/p>\n","protected":false},"excerpt":{"rendered":"&#13; Hooaja l\u00f5puni vigastuspausil oleva\u00a0Eesti koondise esiv\u00e4ravavahi Karl Jakob Heina t\u00e4navune koduklubi Bremeni Werder sai Bundesligas teise j\u00e4rjestikuse&hellip;\n","protected":false},"author":2,"featured_media":152320,"comment_status":"","ping_status":"","sticky":false,"template":"","format":"standard","meta":{"footnotes":"","_share_on_mastodon":"0"},"categories":[18],"tags":[526,527,37,33,35,34,36,528,532,534,536,1159,537,159,158,1003,539],"class_list":["post-152319","post","type-post","status-publish","format-standard","has-post-thumbnail","category-sport","tag-bremeni-werder","tag-bundesliga","tag-ee","tag-eesti","tag-eesti-keel","tag-estonia","tag-estonian","tag-freiburg","tag-hein","tag-hsv","tag-karl-jakob-hein","tag-koln","tag-mainz","tag-sport","tag-sports","tag-stuttgart","tag-werder"],"share_on_mastodon":{"url":"https:\/\/pubeurope.com\/@ee\/116395054525728786","error":""},"_links":{"self":[{"href":"https:\/\/www.europesays.com\/ee\/wp-json\/wp\/v2\/posts\/152319","targetHints":{"allow":["GET"]}}],"collection":[{"href":"https:\/\/www.europesays.com\/ee\/wp-json\/wp\/v2\/posts"}],"about":[{"href":"https:\/\/www.europesays.com\/ee\/wp-json\/wp\/v2\/types\/post"}],"author":[{"embeddable":true,"href":"https:\/\/www.europesays.com\/ee\/wp-json\/wp\/v2\/users\/2"}],"replies":[{"embeddable":true,"href":"https:\/\/www.europesays.com\/ee\/wp-json\/wp\/v2\/comments?post=152319"}],"version-history":[{"count":0,"href":"https:\/\/www.europesays.com\/ee\/wp-json\/wp\/v2\/posts\/152319\/revisions"}],"wp:featuredmedia":[{"embeddable":true,"href":"https:\/\/www.europesays.com\/ee\/wp-json\/wp\/v2\/media\/152320"}],"wp:attachment":[{"href":"https:\/\/www.europesays.com\/ee\/wp-json\/wp\/v2\/media?parent=152319"}],"wp:term":[{"taxonomy":"category","embeddable":true,"href":"https:\/\/www.europesays.com\/ee\/wp-json\/wp\/v2\/categories?post=152319"},{"taxonomy":"post_tag","embeddable":true,"href":"https:\/\/www.europesays.com\/ee\/wp-json\/wp\/v2\/tags?post=152319"}],"curies":[{"name":"wp","href":"https:\/\/api.w.org\/{rel}","templated":true}]}}