{"id":152603,"date":"2026-04-13T11:10:20","date_gmt":"2026-04-13T11:10:20","guid":{"rendered":"https:\/\/www.europesays.com\/ee\/152603\/"},"modified":"2026-04-13T11:10:20","modified_gmt":"2026-04-13T11:10:20","slug":"enesekindel-guardiola-kui-manchesteris-paistaks-paike-novembris-oleksime-juba-jaanuaris-meistrid-soccernet-ee","status":"publish","type":"post","link":"https:\/\/www.europesays.com\/ee\/152603\/","title":{"rendered":"Enesekindel Guardiola: kui Manchesteris paistaks p\u00e4ike novembris, oleksime juba jaanuaris meistrid &#8211; Soccernet.ee"},"content":{"rendered":"<p><img decoding=\"async\" src=\"https:\/\/www.europesays.com\/ee\/wp-content\/uploads\/2026\/04\/1774302491.jpg\" alt=\"Pep Guardiola. Foto: Scanpix \/ Daniel Weir \/ Sport Press Photo\"\/>&#13;\n<\/p>\n<p>Sel p\u00fchap\u00e4eval otsustatakse t\u00e4navuse Premier League&#8217;i tiitli saatus. V\u00e4hemalt nii arvab Manchester City pealik Pep Guardiola, kes tervitab kevade tulekut.<\/p>\n<p>K\u00fcmnekordne Inglismaa meister City p\u00fcsib vaatamata paljudele viikidele ja kaotustele tiitlirallis, sest Arsenal ei suuda karikat kuidagi \u00e4ra kindlustada. Hiljuti pealinnas Chelseat 3:0 n\u00fcpeldamas k\u00e4inud Manchesteri sinine v\u00f5istkond peabki selle n\u00e4dala p\u00fchap\u00e4eval finaalih\u00f5ngulise mat\u0161i Kahurimeestega. Hetkel on m\u00e4ngu v\u00e4hem pidanud City mahaj\u00e4\u00e4mus kuus punkti, n\u00e4dala p\u00e4rast v\u00f5ib see olla juba kolm ning seej\u00e4rel v\u00f5ib piiluda ka v\u00e4ravate vahe poole.&#13;\n<\/p>\n<p>P\u00e4rast Chelsea t\u00fcmitamist hakati Inglismaal r\u00e4\u00e4kima sellest, kuidas n\u00fc\u00fcd on alanud City periood, mis t\u00e4hendab, et kevadeti leitakse \u00fcles too j\u00f5ud, mis viib nad karikateni. Guardiola s\u00f5nul on p\u00f5hjus isegi tuntav.&#13;\n<\/p>\n<p>&#8220;P\u00e4ike,&#8221; s\u00f5nas Guardiola p\u00e4rast pealinlaste v\u00f5itmist, kui ta k\u00e4est uuriti, miks on Cityl alati aprillis hea hoog. &#8220;Ma ei tee nalja. Manchesteris pole kunagi p\u00e4ikest. Kui p\u00e4ike tuleks v\u00e4lja novembris, siis oleksime juba jaanuaris meistrid. Kui ma ausalt \u00fctlen, siis k\u00f5igi tuju on viimasel ajal parem. Meid ootab n\u00fc\u00fcd ees finaal Arsenaliga \u2014 ka nende jaoks on see finaal.&#8221;<\/p>\n<p>Enne m\u00e4rtsikuist koondisepausi \u00f5nnestus Cityl Wembley staadionil toimunud liigakarika finaalis Arsenali 2:0 v\u00f5ita. &#8220;Kas siin ruumis on keegi, kes panustas meie peale selles m\u00e4ngus?&#8221; uuris Guardiola pressikonverentsil viibinud ajakirjanikelt. &#8220;Kasv\u00f5i \u00fcks nael? Mitte \u00fchtegi panust. N\u00e4ete, me olime autsaiderid ja see oli ideaalne. N\u00fc\u00fcd on teisiti, aga sellegipoolest peame Arsenali austama.&#8221;&#13;\n<\/p>\n<p>P\u00e4rast liigam\u00e4ngu Arsenaliga kohtub City j\u00e4relej\u00e4\u00e4nud voorudes Burnley, Evertoni, Brentfordi, Bournemouthi ja Aston Villaga. Arsenalil on madinad Newcastle&#8217;i, Fulhami, West Hami, Burnley ja Fulhamiga.\u00a0&#13;<\/p>\n","protected":false},"excerpt":{"rendered":"&#13; Sel p\u00fchap\u00e4eval otsustatakse t\u00e4navuse Premier League&#8217;i tiitli saatus. V\u00e4hemalt nii arvab Manchester City pealik Pep Guardiola, kes&hellip;\n","protected":false},"author":2,"featured_media":152604,"comment_status":"","ping_status":"","sticky":false,"template":"","format":"standard","meta":{"footnotes":"","_share_on_mastodon":"0"},"categories":[18],"tags":[1610,6937,37,33,35,34,36,5902,1614,6938,808,159,158],"class_list":["post-152603","post","type-post","status-publish","format-standard","has-post-thumbnail","category-sport","tag-arsenal","tag-city","tag-ee","tag-eesti","tag-eesti-keel","tag-estonia","tag-estonian","tag-guardiola","tag-manchester-city","tag-pep-guardiola","tag-premier-league","tag-sport","tag-sports"],"share_on_mastodon":{"url":"https:\/\/pubeurope.com\/@ee\/116397095373322176","error":""},"_links":{"self":[{"href":"https:\/\/www.europesays.com\/ee\/wp-json\/wp\/v2\/posts\/152603","targetHints":{"allow":["GET"]}}],"collection":[{"href":"https:\/\/www.europesays.com\/ee\/wp-json\/wp\/v2\/posts"}],"about":[{"href":"https:\/\/www.europesays.com\/ee\/wp-json\/wp\/v2\/types\/post"}],"author":[{"embeddable":true,"href":"https:\/\/www.europesays.com\/ee\/wp-json\/wp\/v2\/users\/2"}],"replies":[{"embeddable":true,"href":"https:\/\/www.europesays.com\/ee\/wp-json\/wp\/v2\/comments?post=152603"}],"version-history":[{"count":0,"href":"https:\/\/www.europesays.com\/ee\/wp-json\/wp\/v2\/posts\/152603\/revisions"}],"wp:featuredmedia":[{"embeddable":true,"href":"https:\/\/www.europesays.com\/ee\/wp-json\/wp\/v2\/media\/152604"}],"wp:attachment":[{"href":"https:\/\/www.europesays.com\/ee\/wp-json\/wp\/v2\/media?parent=152603"}],"wp:term":[{"taxonomy":"category","embeddable":true,"href":"https:\/\/www.europesays.com\/ee\/wp-json\/wp\/v2\/categories?post=152603"},{"taxonomy":"post_tag","embeddable":true,"href":"https:\/\/www.europesays.com\/ee\/wp-json\/wp\/v2\/tags?post=152603"}],"curies":[{"name":"wp","href":"https:\/\/api.w.org\/{rel}","templated":true}]}}