{"id":152749,"date":"2026-04-13T14:16:08","date_gmt":"2026-04-13T14:16:08","guid":{"rendered":"https:\/\/www.europesays.com\/ee\/152749\/"},"modified":"2026-04-13T14:16:08","modified_gmt":"2026-04-13T14:16:08","slug":"klops-miamis-monulenud-victoria-beckham-demonstreeris-kadestamisvaarset-vormi","status":"publish","type":"post","link":"https:\/\/www.europesays.com\/ee\/152749\/","title":{"rendered":"KL\u00d5PS | Miamis m\u00f5nulenud Victoria Beckham demonstreeris kadestamisv\u00e4\u00e4rset vormi"},"content":{"rendered":"<p>Kunagine Spice Girlsi lauljanna ja praegu moedisainerina tegutsev <a rel=\"noopener nofollow\" target=\"_blank\" href=\"https:\/\/www.delfi.ee\/teema\/52\/victoria-beckham\" tag-id=\"52\">Victoria Beckham<\/a> (51) puhkab parasjagu abikaasa <a rel=\"noopener nofollow\" target=\"_blank\" href=\"https:\/\/www.delfi.ee\/teema\/54\/david-beckham\" tag-id=\"54\">David Beckhamiga<\/a> (50) Miami kuuma p\u00e4ikese all. Victoria jagas \u00fchte puhkusereisil tehtud fotot ka oma enam kui 33 miljoni Instagrami j\u00e4lgijaga. \u00dchismeediasse postitatud fotol p\u00e4evitab David palja \u00fclakehaga lamamistoolil, samal ajal kui mustas trikoos Victoria oma kadestamisv\u00e4\u00e4rset figuuri n\u00e4itab. \u201eKaunist p\u00fchap\u00e4eva! Suudlused Miamist!\u201c kirjutas Victoria fotole juurde.<\/p>\n<p><img decoding=\"async\" src=\"https:\/\/www.europesays.com\/ee\/wp-content\/uploads\/2026\/04\/318b131a-15ca-464b-bc37-3c8c18602dfd.jpg\" loading=\"lazy\" alt=\"Victoria ja David Beckham Miamis puhkamas.\"\/><\/p>\n<p>Victoria ja David Beckham kohtusid 1997. aastal heategevuslikul jalgpallimat\u0161il. David ja Victoria kihlusid 1998. aastal ning aasta hiljem 4. juulil abiellusid nad Luttrellstowni lossis Iirimaal. Paari abielust on s\u00fcndinud neli last: pojad Brooklyn (1999), Romeo (2002) ja Cruz (2005) ning t\u00fctar Harper ( 2011). <\/p>\n<p>Kui aastate jooksul on Beckhamite perekond tundunud esmapilgul kokkuhoidev ja ideaalne, siis aasta eest j\u00f5udis avalikkuse ette info, mis l\u00f5hestas selle kuvandi. Teatavasti p\u00f6\u00f6ras <a rel=\"noopener nofollow\" target=\"_blank\" href=\"https:\/\/www.delfi.ee\/teema\/68353227\/brooklyn-beckham\" tag-id=\"68353227\">Brooklyn Beckham<\/a> koos abikaasa <a rel=\"noopener nofollow\" target=\"_blank\" href=\"https:\/\/www.delfi.ee\/teema\/90742635\/nicola-peltz\" tag-id=\"90742635\">Nicola Peltziga<\/a> nende endi pulmap\u00e4eval teiste Beckhamitega t\u00fclli. Nimelt tantsis Brooklyni s\u00f5nul tema ema Victoria pulmas suisa tema peal, mist\u00f5ttu tundis ta end ebamugavalt ja alandatult. <\/p>\n<p>Samuti olevat moeloojana tegutsev Victoria viimasel hetkel teatanud, et ei tee Brooklyni kaasale pulmakleiti. Lisaks avaldas Beckhamite perekond p\u00e4ev enne pulmi, et Brooklyni abikaasa ei kuulu nende perre, sest nad ei ole veresuguluses.<\/p>\n<p>See k\u00f5ik p\u00e4\u00e4dis 2022. aasta aprillis toimunud pulmapeol sellega, et pruut lahkus oma perega peolt. The Sun vahendab, et peo teenindaja s\u00f5nul olevat Nicola Peltz oma vastse abikaasa pannud seej\u00e4rel ultimaatumi ette. \u201eVali mina v\u00f5i tema, m\u00f5lemat korraga ei saa,\u201c teatas Nicola resoluutselt, kuna ta tundis, et Victoria ebas\u00fcnnis k\u00e4itumine varjutas tema pulmapidu. Teenindaja s\u00f5nul oli pulmade kaaperdamine Nicola jaoks viimane piisk karikasse.<\/p>\n<p>N\u00fc\u00fcdseks on Brooklyn oma perest t\u00e4ielikult v\u00f5\u00f5randunud ja vanemate p\u00fc\u00fcd pojaga \u00e4ra leppida pole \u00f5nnestunud.<\/p>\n<p>Kuidas see lugu Sind end tundma pani? Saada <a href=\"https:\/\/kroonika.delfi.ee\/artikkel\/120568362\/klops-miamis-monulenud-victoria-beckham-demonstreeris-kadestamisvaarset-vormi\/kommentaarid\" class=\"article-body-bottom__comment article-body-bottom__comment--write button button--primary button--size-auto\" rel=\"nofollow noopener\" target=\"_blank\"> Kommenteeri <\/a><a href=\"https:\/\/kroonika.delfi.ee\/artikkel\/120568362\/klops-miamis-monulenud-victoria-beckham-demonstreeris-kadestamisvaarset-vormi\/kommentaarid\" class=\"article-body-bottom__comment article-body-bottom__comment--read button button--size-auto\" rel=\"nofollow noopener\" target=\"_blank\"> Loe kommentaare <\/a><\/p>\n","protected":false},"excerpt":{"rendered":"Kunagine Spice Girlsi lauljanna ja praegu moedisainerina tegutsev Victoria Beckham (51) puhkab parasjagu abikaasa David Beckhamiga (50) Miami&hellip;\n","protected":false},"author":2,"featured_media":152750,"comment_status":"","ping_status":"","sticky":false,"template":"","format":"standard","meta":{"footnotes":"","_share_on_mastodon":"0"},"categories":[16],"tags":[8541,1561,37,33,35,173,34,36,140,44165,1562],"class_list":["post-152749","post","type-post","status-publish","format-standard","has-post-thumbnail","category-meelelahutus","tag-brooklyn-beckham","tag-david-beckham","tag-ee","tag-eesti","tag-eesti-keel","tag-entertainment","tag-estonia","tag-estonian","tag-meelelahutus","tag-nicola-peltz","tag-victoria-beckham"],"share_on_mastodon":{"url":"https:\/\/pubeurope.com\/@ee\/116397826592070135","error":""},"_links":{"self":[{"href":"https:\/\/www.europesays.com\/ee\/wp-json\/wp\/v2\/posts\/152749","targetHints":{"allow":["GET"]}}],"collection":[{"href":"https:\/\/www.europesays.com\/ee\/wp-json\/wp\/v2\/posts"}],"about":[{"href":"https:\/\/www.europesays.com\/ee\/wp-json\/wp\/v2\/types\/post"}],"author":[{"embeddable":true,"href":"https:\/\/www.europesays.com\/ee\/wp-json\/wp\/v2\/users\/2"}],"replies":[{"embeddable":true,"href":"https:\/\/www.europesays.com\/ee\/wp-json\/wp\/v2\/comments?post=152749"}],"version-history":[{"count":0,"href":"https:\/\/www.europesays.com\/ee\/wp-json\/wp\/v2\/posts\/152749\/revisions"}],"wp:featuredmedia":[{"embeddable":true,"href":"https:\/\/www.europesays.com\/ee\/wp-json\/wp\/v2\/media\/152750"}],"wp:attachment":[{"href":"https:\/\/www.europesays.com\/ee\/wp-json\/wp\/v2\/media?parent=152749"}],"wp:term":[{"taxonomy":"category","embeddable":true,"href":"https:\/\/www.europesays.com\/ee\/wp-json\/wp\/v2\/categories?post=152749"},{"taxonomy":"post_tag","embeddable":true,"href":"https:\/\/www.europesays.com\/ee\/wp-json\/wp\/v2\/tags?post=152749"}],"curies":[{"name":"wp","href":"https:\/\/api.w.org\/{rel}","templated":true}]}}