{"id":15279,"date":"2025-10-09T08:42:08","date_gmt":"2025-10-09T08:42:08","guid":{"rendered":"https:\/\/www.europesays.com\/ee\/15279\/"},"modified":"2025-10-09T08:42:08","modified_gmt":"2025-10-09T08:42:08","slug":"rutakas-lahkumine-%e2%9f%a9-reisikeelu-tuhistamise-jarel-on-ukrainast-valgunud-euroopasse-tuhanded-noored-mehed","status":"publish","type":"post","link":"https:\/\/www.europesays.com\/ee\/15279\/","title":{"rendered":"RUTAKAS LAHKUMINE \u27e9 Reisikeelu t\u00fchistamise j\u00e4rel on Ukrainast valgunud Euroopasse tuhanded noored mehed"},"content":{"rendered":"<p>Esimese n\u00e4dalaga, mil reisipiirang t\u00fchistati, saabus ajalehe Rzeczpospolita andmeil Ukrainast \u00fcle piiri Poolasse umbes 10 000 noort meest rohkem, kui varem. Sarnane v\u00e4ljavool on j\u00e4tkunud ning n\u00fc\u00fcd j\u00f5uavad noored ukrainlased mujale Euroopasse, kus v\u00f5imud nuputavad, kuidas tegeleda uut t\u00fc\u00fcpi Ukraina p\u00f5genikega, sest seni on valdavalt vastu v\u00f5etud naisi ja lapsi.<\/p>\n<p>Nii ootab Taani Aarhusi vald praegu 182 Ukraina p\u00f5geniku saabumist, kellest 100 on just mehed vanuses 18\u201322 eluaastat. \u00abMe ei ole harjunud selle sihtr\u00fchmaga. See on meie jaoks t\u00e4iesti uus,\u00bb \u00fctles avalik-\u00f5iguslikule ringh\u00e4\u00e4lingule DR Aarhusi linnavalitsuse t\u00f6\u00f6h\u00f5ive- ja integratsioonikeskuse juhataja Bine Jensh\u00f8j Elmose. \u00abNeed noored mehed tulevad teistsuguse suhtumisega kui 30. eluaastate l\u00f5pus naised, kellel on v\u00e4ikesed lapsed. Praegu tuleb palju vallalisi mehi ja nad vajavad teistsugust eluaset kui naised. Lisaks peavad nad k\u00f5ik saama t\u00f6\u00f6d v\u00f5i praktikakoha.\u00bb<\/p>\n","protected":false},"excerpt":{"rendered":"Esimese n\u00e4dalaga, mil reisipiirang t\u00fchistati, saabus ajalehe Rzeczpospolita andmeil Ukrainast \u00fcle piiri Poolasse umbes 10 000 noort meest&hellip;\n","protected":false},"author":2,"featured_media":15280,"comment_status":"","ping_status":"","sticky":false,"template":"","format":"standard","meta":{"footnotes":""},"categories":[5],"tags":[26,27,37,33,35,34,36,31,32,21,1208,28,29,6822,19,25,9737,23,24,262,22,20,30],"class_list":{"0":"post-15279","1":"post","2":"type-post","3":"status-publish","4":"format-standard","5":"has-post-thumbnail","7":"category-uldised-uudised","8":"tag-breaking-news","9":"tag-breakingnews","10":"tag-ee","11":"tag-eesti","12":"tag-eesti-keel","13":"tag-estonia","14":"tag-estonian","15":"tag-featured-news","16":"tag-featurednews","17":"tag-headlines","18":"tag-kiiev","19":"tag-latest-news","20":"tag-latestnews","21":"tag-mobilisatsioon","22":"tag-news","23":"tag-populaarseimad-lood","24":"tag-sojavaeteenistus","25":"tag-top-stories","26":"tag-topstories","27":"tag-ukraina","28":"tag-uldised-uudised","29":"tag-uudised","30":"tag-viimased-uudised"},"share_on_mastodon":{"url":"","error":""},"_links":{"self":[{"href":"https:\/\/www.europesays.com\/ee\/wp-json\/wp\/v2\/posts\/15279","targetHints":{"allow":["GET"]}}],"collection":[{"href":"https:\/\/www.europesays.com\/ee\/wp-json\/wp\/v2\/posts"}],"about":[{"href":"https:\/\/www.europesays.com\/ee\/wp-json\/wp\/v2\/types\/post"}],"author":[{"embeddable":true,"href":"https:\/\/www.europesays.com\/ee\/wp-json\/wp\/v2\/users\/2"}],"replies":[{"embeddable":true,"href":"https:\/\/www.europesays.com\/ee\/wp-json\/wp\/v2\/comments?post=15279"}],"version-history":[{"count":0,"href":"https:\/\/www.europesays.com\/ee\/wp-json\/wp\/v2\/posts\/15279\/revisions"}],"wp:featuredmedia":[{"embeddable":true,"href":"https:\/\/www.europesays.com\/ee\/wp-json\/wp\/v2\/media\/15280"}],"wp:attachment":[{"href":"https:\/\/www.europesays.com\/ee\/wp-json\/wp\/v2\/media?parent=15279"}],"wp:term":[{"taxonomy":"category","embeddable":true,"href":"https:\/\/www.europesays.com\/ee\/wp-json\/wp\/v2\/categories?post=15279"},{"taxonomy":"post_tag","embeddable":true,"href":"https:\/\/www.europesays.com\/ee\/wp-json\/wp\/v2\/tags?post=15279"}],"curies":[{"name":"wp","href":"https:\/\/api.w.org\/{rel}","templated":true}]}}