{"id":152833,"date":"2026-04-13T15:38:18","date_gmt":"2026-04-13T15:38:18","guid":{"rendered":"https:\/\/www.europesays.com\/ee\/152833\/"},"modified":"2026-04-13T15:38:18","modified_gmt":"2026-04-13T15:38:18","slug":"lapsevanem-kaebas-kooli-lapse-halbade-hinnete-parast-kohtusse","status":"publish","type":"post","link":"https:\/\/www.europesays.com\/ee\/152833\/","title":{"rendered":"Lapsevanem kaebas kooli lapse halbade hinnete p\u00e4rast kohtusse"},"content":{"rendered":"<p>Juhtum leidis aset \u00fches Alutaguse valla koolis m\u00f6\u00f6dunud kevadel, kui \u00fcks 7. klassi poiss sai tegemata kodut\u00f6\u00f6 ning tunni\u00fclesande eest hindeks \u00fche. Peale selle tegi \u00f5petaja \u00f5pilase kohta kirjaliku m\u00e4rkuse: &#8220;Magamata v\u00f5i mingi aine m\u00f5ju all?&#8221;<\/p>\n<p>Vanem p\u00f6\u00f6rdus kohtusse<\/p>\n<p>Ajalootunnis saadud mitterahuldavad hinded ja m\u00e4rkus \u00e4rritasid aga lapsevanemat ning ta asus koolilt juhtunu kohta aru p\u00e4rima. Kooli esindajad selgitasid juhtkonna tasemel hindamise p\u00f5him\u00f5tteid ning lisaks kirjavahetusele k\u00e4isid vanemad ka kooli esindajatega kohtumas, kuid ei rahuldunud saadud selgitustega. Lapse halva \u00f5ppeedukuse asjus soovitati vanematel p\u00f6\u00f6rduda abi saamiseks kooliv\u00e4lise n\u00f5ustamismeeskonna Rajaleidja poole, kuid sellest nad keeldusid.<\/p>\n<p>M\u00e4rkuse asjus selgitas kool, et mullu 7. aprillil v\u00f5ttis \u00f5pilase vanemaga \u00fchendust \u00f5ppejuht, kes andis teada, et laps on vahetunnis j\u00e4\u00e4nud fuajee diivanile magama, on apaatne, ei reageeri p\u00f6\u00f6rdumistele, pilk hajevil, kas lapsevanem saab lapsele j\u00e4rele tulla v\u00f5i kas tuleks kutsuda kiirabi. Lapsevanem vastas, et k\u00fcllap veetis poiss j\u00e4lle terve \u00f6\u00f6 nutiseadmes, ajagu kooli t\u00f6\u00f6tajad ta \u00fcles, pole tal h\u00e4da midagi. Vahejuhtumist teavitati ka Alutaguse valla lastekaitsespetsialisti. Samal p\u00e4eval kirjutas vanem kooli juhtkonnale viitega lastekaitseseadusele, et kool t\u00f5rjub last.<\/p>\n<p>J\u00e4rgnes kirjavahetus kooli ja lapsevanema vahel. Kuna kooli vastused vanemat ei rahuldanud, p\u00f6\u00f6rdus ta kohtusse sooviga, et kohus kohustaks kooli juhtkonda ja \u00f5petajaid vastama lapsevanema ja \u00f5pilase p\u00f6\u00f6rdumistele.<\/p>\n<p>Iga \u00fcksikut hinnet vaidlustada ei saa<\/p>\n<p>2022. aastal tegi Tartu halduskohus otsuse kaebuse kohta, mille esitas \u00fche Tartu kooli 13aastase \u00f5pilase ema. Laps sai eesti keele \u00f5petajalt trimestri k\u00e4itumise hindeks &#8220;rahuldav&#8221;, kuid ema vaidlustas selle hinde ning p\u00f6\u00f6rdus ka Tartu linnavalitsusse. Selle tulemusel muutis kool k\u00e4itumise hinde &#8220;heaks&#8221;. See aga vanemat ei rahuldanud ning ta n\u00f5udis hindeks &#8220;eeskujulik&#8221; ning et v\u00f5etaks arvesse \u00f5pilase seisukoht.<\/p>\n<p>Kohus leidis, et ei ole m\u00f5eldav, et halduskohtus on vaidlustatav iga \u00fcksik \u00f5pilasele antud hinne v\u00f5i hinnang v\u00f5i \u00f5pilase k\u00e4itumise kohta antud tagasiside. Selliste \u00fcksiktulemuste vaidlustamiseks on piisav koolisisene hindamisjuhendis ette n\u00e4htud vaidlustusmenetlus.<\/p>\n<p>&#8220;Kohus m\u00e4rgib, et on p\u00f5him\u00f5tteliselt n\u00f5us sellega, et kaebaja kirjeldatud arusaamatusi tuleks eelk\u00f5ige arutada lapse ja aine\u00f5petaja osav\u00f5tul, kuid selleks ei ole vaja l\u00e4bi viia kohtumenetlust. Kohtuasja materjalidest n\u00e4htub, et ka aine\u00f5petajal oli selline soov. Kui selleks on veel vajadust, siis saavad pooled vastava kohtumise ja arutelu korraldada,&#8221; \u00fctles Tartu halduskohus ja l\u00fckkas kaebuse tagasi.<\/p>\n","protected":false},"excerpt":{"rendered":"Juhtum leidis aset \u00fches Alutaguse valla koolis m\u00f6\u00f6dunud kevadel, kui \u00fcks 7. klassi poiss sai tegemata kodut\u00f6\u00f6 ning&hellip;\n","protected":false},"author":2,"featured_media":152834,"comment_status":"","ping_status":"","sticky":false,"template":"","format":"standard","meta":{"footnotes":"","_share_on_mastodon":"0"},"categories":[5],"tags":[72248,72250,26,27,37,33,35,34,36,31,32,72246,21,72247,27466,1752,28,29,19,25,72249,33471,23,24,22,20,30],"class_list":["post-152833","post","type-post","status-publish","format-standard","has-post-thumbnail","category-uldised-uudised","tag-alutaguse-valla-kool","tag-alutaguse-valla-lastekaitsespetsialist","tag-breaking-news","tag-breakingnews","tag-ee","tag-eesti","tag-eesti-keel","tag-estonia","tag-estonian","tag-featured-news","tag-featurednews","tag-halvad-hinded","tag-headlines","tag-kaitumise-hinne","tag-kirjavahetus","tag-kohus","tag-latest-news","tag-latestnews","tag-news","tag-populaarseimad-lood","tag-rajaleidja","tag-tartu-halduskohus","tag-top-stories","tag-topstories","tag-uldised-uudised","tag-uudised","tag-viimased-uudised"],"share_on_mastodon":{"url":"https:\/\/pubeurope.com\/@ee\/116398149223436375","error":""},"_links":{"self":[{"href":"https:\/\/www.europesays.com\/ee\/wp-json\/wp\/v2\/posts\/152833","targetHints":{"allow":["GET"]}}],"collection":[{"href":"https:\/\/www.europesays.com\/ee\/wp-json\/wp\/v2\/posts"}],"about":[{"href":"https:\/\/www.europesays.com\/ee\/wp-json\/wp\/v2\/types\/post"}],"author":[{"embeddable":true,"href":"https:\/\/www.europesays.com\/ee\/wp-json\/wp\/v2\/users\/2"}],"replies":[{"embeddable":true,"href":"https:\/\/www.europesays.com\/ee\/wp-json\/wp\/v2\/comments?post=152833"}],"version-history":[{"count":0,"href":"https:\/\/www.europesays.com\/ee\/wp-json\/wp\/v2\/posts\/152833\/revisions"}],"wp:featuredmedia":[{"embeddable":true,"href":"https:\/\/www.europesays.com\/ee\/wp-json\/wp\/v2\/media\/152834"}],"wp:attachment":[{"href":"https:\/\/www.europesays.com\/ee\/wp-json\/wp\/v2\/media?parent=152833"}],"wp:term":[{"taxonomy":"category","embeddable":true,"href":"https:\/\/www.europesays.com\/ee\/wp-json\/wp\/v2\/categories?post=152833"},{"taxonomy":"post_tag","embeddable":true,"href":"https:\/\/www.europesays.com\/ee\/wp-json\/wp\/v2\/tags?post=152833"}],"curies":[{"name":"wp","href":"https:\/\/api.w.org\/{rel}","templated":true}]}}