{"id":152859,"date":"2026-04-13T16:13:06","date_gmt":"2026-04-13T16:13:06","guid":{"rendered":"https:\/\/www.europesays.com\/ee\/152859\/"},"modified":"2026-04-13T16:13:06","modified_gmt":"2026-04-13T16:13:06","slug":"miljonikusimus-kas-ka-10-aasta-parast-saab-kindel-olla-et-kiri-jouab-iga-inimese-isiklikku-postkasti","status":"publish","type":"post","link":"https:\/\/www.europesays.com\/ee\/152859\/","title":{"rendered":"Miljonik\u00fcsimus. Kas ka 10 aasta p\u00e4rast saab kindel olla, et kiri j\u00f5uab iga inimese isiklikku postkasti?"},"content":{"rendered":"<p>Korruptsioonivastane erikomisjon v\u00f5ttis t\u00e4nasel avalikul istungil fookusesse Omniva ja <a rel=\"noopener nofollow\" target=\"_blank\" href=\"https:\/\/www.delfi.ee\/teema\/56497402\/eesti-post\" tag-id=\"56497402\">Eesti Posti<\/a> erikontrollide j\u00e4reldused ja erastamise l\u00e4bipaistvuse. Komisjonis tekkis ka mitmeid inimlikke k\u00fcsimusi, kasv\u00f5i see, kas universiaalne postiteenus on ka tulevikus m\u00f5eldud samamoodi kojukandena, mitte ei ole teda \u00fchel hetkel suunatud kuskile \u00fchte tsentraalsesse punkti. Ehk kas iga t\u00e4iesti tavaline inimene saab ka k\u00fcmne aasta p\u00e4rast kindel olla, et tema koduv\u00e4rava k\u00fcljes asuvasse postkasti j\u00f5uab ta isiklik post.<\/p>\n<p>Riigil tuleb tagada, et teenus inimeseni j\u00f5uab <\/p>\n<p>Oled juba tellija?Logi sisse<\/p>\n<p><a href=\"https:\/\/arileht.delfi.ee\/a\/120568359\/miljonikusimus-kas-ka-10-aasta-parast-saab-kindel-olla-et-kiri-jouab-iga-inimese-isiklikku-postkasti\/kommentaarid\" class=\"article-body-bottom__comment article-body-bottom__comment--write button button--primary button--size-auto\" rel=\"nofollow noopener\" target=\"_blank\"> Kommenteeri <\/a><a href=\"https:\/\/arileht.delfi.ee\/a\/120568359\/miljonikusimus-kas-ka-10-aasta-parast-saab-kindel-olla-et-kiri-jouab-iga-inimese-isiklikku-postkasti\/kommentaarid\" class=\"article-body-bottom__comment article-body-bottom__comment--read button button--size-auto\" rel=\"nofollow noopener\" target=\"_blank\"> Loe kommentaare <\/a><\/p>\n","protected":false},"excerpt":{"rendered":"Korruptsioonivastane erikomisjon v\u00f5ttis t\u00e4nasel avalikul istungil fookusesse Omniva ja Eesti Posti erikontrollide j\u00e4reldused ja erastamise l\u00e4bipaistvuse. Komisjonis tekkis&hellip;\n","protected":false},"author":2,"featured_media":152860,"comment_status":"","ping_status":"","sticky":false,"template":"","format":"standard","meta":{"footnotes":"","_share_on_mastodon":"0"},"categories":[12],"tags":[26,27,37,33,35,255,16475,34,36,31,32,21,28,29,19,254,25,23,24,22,20,30],"class_list":["post-152859","post","type-post","status-publish","format-standard","has-post-thumbnail","category-eesti","tag-breaking-news","tag-breakingnews","tag-ee","tag-eesti","tag-eesti-keel","tag-eesti-post","tag-erastamine","tag-estonia","tag-estonian","tag-featured-news","tag-featurednews","tag-headlines","tag-latest-news","tag-latestnews","tag-news","tag-omniva","tag-populaarseimad-lood","tag-top-stories","tag-topstories","tag-uldised-uudised","tag-uudised","tag-viimased-uudised"],"share_on_mastodon":{"url":"https:\/\/pubeurope.com\/@ee\/116398286810087052","error":""},"_links":{"self":[{"href":"https:\/\/www.europesays.com\/ee\/wp-json\/wp\/v2\/posts\/152859","targetHints":{"allow":["GET"]}}],"collection":[{"href":"https:\/\/www.europesays.com\/ee\/wp-json\/wp\/v2\/posts"}],"about":[{"href":"https:\/\/www.europesays.com\/ee\/wp-json\/wp\/v2\/types\/post"}],"author":[{"embeddable":true,"href":"https:\/\/www.europesays.com\/ee\/wp-json\/wp\/v2\/users\/2"}],"replies":[{"embeddable":true,"href":"https:\/\/www.europesays.com\/ee\/wp-json\/wp\/v2\/comments?post=152859"}],"version-history":[{"count":0,"href":"https:\/\/www.europesays.com\/ee\/wp-json\/wp\/v2\/posts\/152859\/revisions"}],"wp:featuredmedia":[{"embeddable":true,"href":"https:\/\/www.europesays.com\/ee\/wp-json\/wp\/v2\/media\/152860"}],"wp:attachment":[{"href":"https:\/\/www.europesays.com\/ee\/wp-json\/wp\/v2\/media?parent=152859"}],"wp:term":[{"taxonomy":"category","embeddable":true,"href":"https:\/\/www.europesays.com\/ee\/wp-json\/wp\/v2\/categories?post=152859"},{"taxonomy":"post_tag","embeddable":true,"href":"https:\/\/www.europesays.com\/ee\/wp-json\/wp\/v2\/tags?post=152859"}],"curies":[{"name":"wp","href":"https:\/\/api.w.org\/{rel}","templated":true}]}}