{"id":152876,"date":"2026-04-13T16:35:07","date_gmt":"2026-04-13T16:35:07","guid":{"rendered":"https:\/\/www.europesays.com\/ee\/152876\/"},"modified":"2026-04-13T16:35:07","modified_gmt":"2026-04-13T16:35:07","slug":"rekonstrueerimise-toetusvoorust-saab-riigi-toel-korda-154-maja-majandus","status":"publish","type":"post","link":"https:\/\/www.europesays.com\/ee\/152876\/","title":{"rendered":"Rekonstrueerimise toetusvoorust saab riigi toel korda 154 maja | Majandus"},"content":{"rendered":"<p>Viimasest korterelamute rekonstrueerimise toetusvoorust saab riigi toel korda 154 maja ning endale paremad elamistingimused \u00fcle 3200 pere. J\u00e4rgmisteks taotlusvoorudeks riigil raha pole ja see tuleb alles leida.<\/p>\n<p>Ettev\u00f5tluse ja Innovatsiooni Sihtasutus (EISA) on edastanud rahastusotsused k\u00f5igile eelmise aasta voorust rekonstrueerimistoetust taotlenud korteri\u00fchistutele. Seekord ei jagatud toetusi kiirematele, vaid EISA reastas \u00fcle Eesti kogutud taotlused energiakulu alusel. Kahe k\u00f5ige madalama energiam\u00e4rgisega majad olid siin eelisj\u00e4rjekorras.<\/p>\n<p>&#8220;Taotlusi laekus \u00fcle 520. Taotluseid reastati pingeritta energia tarbimise andmete j\u00e4rgi. Mida suurem on tarbimine ruutmeetri kohta, seda suurema t\u00f5en\u00e4osusega maja toetust sai ja kokku sai toetust 154 korteri\u00fchistut,&#8221; \u00fctles EISA korterelamute teenuste juht Tanel Vain.<\/p>\n<p>K\u00f5ige rohkem toetusi saavad L\u00e4\u00e4ne-Viru maakonna kortermajad, kus rahuldati 91 avaldusest 27, ehk 30 protsenti taotlusest kokku 14 miljoni euro eest. Mitmete L\u00e4\u00e4ne-Virumaa korteri\u00fchistute juht Kairi Raudberg k\u00fcsis Kundas toetust kolmele majale, kuid neile ei v\u00f5imalda seda ka energiam\u00e4rgisega valik. <\/p>\n<p>&#8220;See j\u00e4llegi ei anna v\u00f5rdseid \u00f5iguseid k\u00f5ikidele korteri\u00fchistutele. Minu poolt esitatud kolmest majast on kaks h\u00fcbriidk\u00fcttel. See t\u00e4hendab et neil on nii elektrik\u00fcte kui puuk\u00fcte, igasugused muud k\u00fctteliigid. Meie kahjuks ei oska \u00fcksi nendest inimestest \u00f6elda, palju ta kolme aasta jooksul puid tarbis,&#8221; r\u00e4\u00e4kis Raudberg.<\/p>\n<p>Harju maakonnas rahuldati 119 taotlusest 19 ehk 16 protsenti. Tartus rahuldati 65 taotlusest 20, samapalju Viljandis. \u00dclej\u00e4\u00e4nud maakondadest tuli taotlusi m\u00e4rgatavalt v\u00e4hem. V\u00e4ikseimate taotlusega piirkondades osutus nende rahuldamine 50 kuni 60 protsendini.<\/p>\n<p>&#8220;Toetuse rahuldamine s\u00f5ltus sellest, millises seisukorras on need hooned, ehk milline on energiat\u00f5hususe arv ja konkureeriti ka erinevates kategooriates &#8211; v\u00e4ikesed majad, keskmised majad, suured majad. Tulemus n\u00e4itas seda, et raha l\u00e4ks ka \u00fcpris palju v\u00e4ljaspoole Harjumaad ja Tartumaad, ehk ka kaugemad regioonid saavad sellist abi,&#8221; \u00fctles kliimaministeeriumi asekantsler Ivo Jaanisoo.<\/p>\n<p>Taotlusvooru maht oli 80 miljonit eurot. Jaanisoo s\u00f5nul tuleks Eesti hoonefond teha korda 2050. aastaks. T\u00e4naseks on renoveerituid 10 protsenti kortermajadest. Koostamisel on renoveerimiskava koos rahastuseeldustega.<\/p>\n<p>&#8220;Praegused rahad on kasutatud. N\u00fc\u00fcd tuleb leida uusi rahastusi ja selleks kavandame taotleda vahendeid nii uuest Euroopa Liidu struktuurivahendite eelarvest kui ka teistest allikatest,&#8221; \u00fctles Jaanisoo.<\/p>\n<p>Jaanisoo avaldas lootust, et p\u00fcsiv rahastus j\u00e4tkub.<\/p>\n","protected":false},"excerpt":{"rendered":"Viimasest korterelamute rekonstrueerimise toetusvoorust saab riigi toel korda 154 maja ning endale paremad elamistingimused \u00fcle 3200 pere. J\u00e4rgmisteks&hellip;\n","protected":false},"author":2,"featured_media":152877,"comment_status":"","ping_status":"","sticky":false,"template":"","format":"standard","meta":{"footnotes":"","_share_on_mastodon":"0"},"categories":[12],"tags":[26,27,37,33,35,2987,34,36,3871,31,32,21,9881,10515,28,29,19,25,72253,23,24,22,20,30],"class_list":["post-152876","post","type-post","status-publish","format-standard","has-post-thumbnail","category-eesti","tag-breaking-news","tag-breakingnews","tag-ee","tag-eesti","tag-eesti-keel","tag-eisa","tag-estonia","tag-estonian","tag-ettevotluse-ja-innovatsiooni-sihtasutus","tag-featured-news","tag-featurednews","tag-headlines","tag-ivo-jaanisoo","tag-kairi-raudberg","tag-latest-news","tag-latestnews","tag-news","tag-populaarseimad-lood","tag-tanel-vain","tag-top-stories","tag-topstories","tag-uldised-uudised","tag-uudised","tag-viimased-uudised"],"share_on_mastodon":{"url":"https:\/\/pubeurope.com\/@ee\/116398373176188436","error":""},"_links":{"self":[{"href":"https:\/\/www.europesays.com\/ee\/wp-json\/wp\/v2\/posts\/152876","targetHints":{"allow":["GET"]}}],"collection":[{"href":"https:\/\/www.europesays.com\/ee\/wp-json\/wp\/v2\/posts"}],"about":[{"href":"https:\/\/www.europesays.com\/ee\/wp-json\/wp\/v2\/types\/post"}],"author":[{"embeddable":true,"href":"https:\/\/www.europesays.com\/ee\/wp-json\/wp\/v2\/users\/2"}],"replies":[{"embeddable":true,"href":"https:\/\/www.europesays.com\/ee\/wp-json\/wp\/v2\/comments?post=152876"}],"version-history":[{"count":0,"href":"https:\/\/www.europesays.com\/ee\/wp-json\/wp\/v2\/posts\/152876\/revisions"}],"wp:featuredmedia":[{"embeddable":true,"href":"https:\/\/www.europesays.com\/ee\/wp-json\/wp\/v2\/media\/152877"}],"wp:attachment":[{"href":"https:\/\/www.europesays.com\/ee\/wp-json\/wp\/v2\/media?parent=152876"}],"wp:term":[{"taxonomy":"category","embeddable":true,"href":"https:\/\/www.europesays.com\/ee\/wp-json\/wp\/v2\/categories?post=152876"},{"taxonomy":"post_tag","embeddable":true,"href":"https:\/\/www.europesays.com\/ee\/wp-json\/wp\/v2\/tags?post=152876"}],"curies":[{"name":"wp","href":"https:\/\/api.w.org\/{rel}","templated":true}]}}