{"id":152924,"date":"2026-04-13T17:38:06","date_gmt":"2026-04-13T17:38:06","guid":{"rendered":"https:\/\/www.europesays.com\/ee\/152924\/"},"modified":"2026-04-13T17:38:06","modified_gmt":"2026-04-13T17:38:06","slug":"londonis-tyson-fury-tagasitulekumatsi-vaadanud-uku-jurjendal-ta-tegi-too-vaga-korralikult-ara","status":"publish","type":"post","link":"https:\/\/www.europesays.com\/ee\/152924\/","title":{"rendered":"Londonis Tyson Fury tagasitulekumat\u0161i vaadanud Uku J\u00fcrjendal: ta tegi t\u00f6\u00f6 v\u00e4ga korralikult \u00e4ra"},"content":{"rendered":"<p>37-aastane Fury v\u00f5itis Tottenham Hotspuri staadionil 60 000 pealtvaataja ees peetud mat\u0161i Mahmudoviga kohtunike \u00fcheh\u00e4\u00e4lse otsusega (120:108, 120:108 ja 119:109). Viimati oli britt ringis k\u00e4inud 2024. aasta detsembris, kui ta kaotas tiitlilahingus teist korda ukrainlasele <a rel=\"noopener nofollow\" target=\"_blank\" href=\"https:\/\/www.delfi.ee\/teema\/91538335\/oleksandr-ussok\" tag-id=\"91538335\">Oleksandr Uss\u00f5kile<\/a>.<\/p>\n<p>J\u00fcrjendal oli t\u00e4na \u00f5htul k\u00fclas ETV-s \u201e<a rel=\"noopener nofollow\" target=\"_blank\" href=\"https:\/\/www.delfi.ee\/teema\/25076294\/ringvaade\" tag-id=\"25076294\">Ringvaate<\/a>\u201c saates, kus jagas muljeid Fury mat\u0161ist ja koos britiga veedetud treeninglaagrist. <\/p>\n<p>\u201eTyson tegi oma t\u00f6\u00f6 v\u00e4ga korralikult \u00e4ra, kui arvestada tema vanust ja seda, et ta oli nii pikalt eemal,\u201c s\u00f5nas J\u00fcrjendal. \u201eTal oli ju plaan karj\u00e4\u00e4r \u00fcldse \u00e4ra l\u00f5petada, aga siis n\u00e4gi ta uudist, et tema rivaal Anthony Joshua tegi autoavarii ja teatas seej\u00e4rel, et tahab tagasituleku teha.\u201c<\/p>\n<p>Fury seekordses ettevalmistuses m\u00e4ngis olulist rolli ka J\u00fcrjendalil, kes oli Tais briti sparringupartneriks. Seejuures viimased neli n\u00e4dalat oli eestlane juba lepinguline treeningkaaslane. Meeste kohtumine oli seejuures t\u00e4iesti juhuslik.<\/p>\n<p>\u201eTema oli seal alates detsembrist perega puhkamas. Aga siis juhtus Joshual see \u00f5nnetus. Ja mina taastusin k\u00e4evigastusest Tais. J\u00e4in kohe esimesel treeningul talle silma ja seej\u00e4rel j\u00e4in tema lepinguliseks abiliseks,\u201c meenutas 37-aastane J\u00fcrjendal ootamatut kohtumist Fury`ga.<\/p>\n<p>Miks on Fury nii eriline poksija? \u201eTa ei anna mitte kunagi alla. Kui on raske, paneb hoopis teise k\u00e4igu sisse. Tal on tohutu sisemine mootor ja tahtej\u00f5ud. Ka treeningutel on sama. See on just see, mis ma sealt endale kaasa sain,\u201c r\u00e4\u00e4kis J\u00fcrjendal ja lisas: \u201eMinu eesm\u00e4rk on j\u00e4tkata profipoksis, t\u00e4nu sellele [laagrile] on mul n\u00fc\u00fcd hea spikker olemas, kuidas seda teha.\u201c<\/p>\n<p>P\u00e4rast mat\u0161i kutsus Fury v\u00e4lja eksmaailmameistri <a rel=\"noopener nofollow\" target=\"_blank\" href=\"https:\/\/www.delfi.ee\/teema\/75937021\/anthony-joshua\" tag-id=\"75937021\">Joshua<\/a>, kuid ametlikku kinnitust sellele kohtumisele veel ei ole. <\/p>\n<p>Kuidas see lugu Sind end tundma pani? Saada <a href=\"https:\/\/sport.delfi.ee\/artikkel\/120568404\/londonis-tyson-fury-tagasitulekumatsi-vaadanud-uku-jurjendal-ta-tegi-too-vaga-korralikult-ara\/kommentaarid\" class=\"article-body-bottom__comment article-body-bottom__comment--write button button--primary button--size-auto\" rel=\"nofollow noopener\" target=\"_blank\"> Kommenteeri <\/a><a href=\"https:\/\/sport.delfi.ee\/artikkel\/120568404\/londonis-tyson-fury-tagasitulekumatsi-vaadanud-uku-jurjendal-ta-tegi-too-vaga-korralikult-ara\/kommentaarid\" class=\"article-body-bottom__comment article-body-bottom__comment--read button button--size-auto\" rel=\"nofollow noopener\" target=\"_blank\"> Loe kommentaare <\/a><\/p>\n","protected":false},"excerpt":{"rendered":"37-aastane Fury v\u00f5itis Tottenham Hotspuri staadionil 60 000 pealtvaataja ees peetud mat\u0161i Mahmudoviga kohtunike \u00fcheh\u00e4\u00e4lse otsusega (120:108, 120:108&hellip;\n","protected":false},"author":2,"featured_media":152925,"comment_status":"","ping_status":"","sticky":false,"template":"","format":"standard","meta":{"footnotes":"","_share_on_mastodon":"0"},"categories":[18],"tags":[22210,37,33,35,34,36,22492,13392,159,158,35028,9151],"class_list":["post-152924","post","type-post","status-publish","format-standard","has-post-thumbnail","category-sport","tag-anthony-joshua","tag-ee","tag-eesti","tag-eesti-keel","tag-estonia","tag-estonian","tag-oleksandr-ussok","tag-ringvaade","tag-sport","tag-sports","tag-tyson-fury","tag-uku-jurjendal"],"share_on_mastodon":{"url":"https:\/\/pubeurope.com\/@ee\/116398620979011843","error":""},"_links":{"self":[{"href":"https:\/\/www.europesays.com\/ee\/wp-json\/wp\/v2\/posts\/152924","targetHints":{"allow":["GET"]}}],"collection":[{"href":"https:\/\/www.europesays.com\/ee\/wp-json\/wp\/v2\/posts"}],"about":[{"href":"https:\/\/www.europesays.com\/ee\/wp-json\/wp\/v2\/types\/post"}],"author":[{"embeddable":true,"href":"https:\/\/www.europesays.com\/ee\/wp-json\/wp\/v2\/users\/2"}],"replies":[{"embeddable":true,"href":"https:\/\/www.europesays.com\/ee\/wp-json\/wp\/v2\/comments?post=152924"}],"version-history":[{"count":0,"href":"https:\/\/www.europesays.com\/ee\/wp-json\/wp\/v2\/posts\/152924\/revisions"}],"wp:featuredmedia":[{"embeddable":true,"href":"https:\/\/www.europesays.com\/ee\/wp-json\/wp\/v2\/media\/152925"}],"wp:attachment":[{"href":"https:\/\/www.europesays.com\/ee\/wp-json\/wp\/v2\/media?parent=152924"}],"wp:term":[{"taxonomy":"category","embeddable":true,"href":"https:\/\/www.europesays.com\/ee\/wp-json\/wp\/v2\/categories?post=152924"},{"taxonomy":"post_tag","embeddable":true,"href":"https:\/\/www.europesays.com\/ee\/wp-json\/wp\/v2\/tags?post=152924"}],"curies":[{"name":"wp","href":"https:\/\/api.w.org\/{rel}","templated":true}]}}