{"id":15309,"date":"2025-10-09T09:12:07","date_gmt":"2025-10-09T09:12:07","guid":{"rendered":"https:\/\/www.europesays.com\/ee\/15309\/"},"modified":"2025-10-09T09:12:07","modified_gmt":"2025-10-09T09:12:07","slug":"kas-game-pass-oli-saatuslik-viga","status":"publish","type":"post","link":"https:\/\/www.europesays.com\/ee\/15309\/","title":{"rendered":"kas Game Pass oli saatuslik viga?"},"content":{"rendered":"<p>Sel korral v\u00f5tavad mehed ette kuuma teema: kas Xbox on t\u00f5esti suremas? Arutatakse Microsofti v\u00f5imalikku lahkumist konsooliturult.<\/p>\n<p>Samuti vaadatakse otsa sellele, kuidas Game Pass v\u00f5ib-olla iseenda vastu t\u00f6\u00f6tas, tappes \u00abCall of Duty\u00bb m\u00fc\u00fcginumbrid ja t\u00f5statades k\u00fcsimuse, kas teenusemudel \u00fcldse t\u00f6\u00f6tab.<\/p>\n<p>M\u00e4ngumuljete all r\u00e4\u00e4gib Sten hasartm\u00e4ngudest ja digimonidest, Allan aga siunab siil Sonicu kardim\u00e4ngu.<\/p>\n<p>Audioversiooni saab kuulata Spotify vahendusel:<\/p>\n","protected":false},"excerpt":{"rendered":"Sel korral v\u00f5tavad mehed ette kuuma teema: kas Xbox on t\u00f5esti suremas? Arutatakse Microsofti v\u00f5imalikku lahkumist konsooliturult. Samuti&hellip;\n","protected":false},"author":2,"featured_media":15310,"comment_status":"","ping_status":"","sticky":false,"template":"","format":"standard","meta":{"footnotes":"","_share_on_mastodon":"0"},"categories":[14],"tags":[131,130,37,33,35,34,36,8529],"class_list":["post-15309","post","type-post","status-publish","format-standard","has-post-thumbnail","category-ari","tag-ari","tag-business","tag-ee","tag-eesti","tag-eesti-keel","tag-estonia","tag-estonian","tag-xbox"],"share_on_mastodon":{"url":"","error":""},"_links":{"self":[{"href":"https:\/\/www.europesays.com\/ee\/wp-json\/wp\/v2\/posts\/15309","targetHints":{"allow":["GET"]}}],"collection":[{"href":"https:\/\/www.europesays.com\/ee\/wp-json\/wp\/v2\/posts"}],"about":[{"href":"https:\/\/www.europesays.com\/ee\/wp-json\/wp\/v2\/types\/post"}],"author":[{"embeddable":true,"href":"https:\/\/www.europesays.com\/ee\/wp-json\/wp\/v2\/users\/2"}],"replies":[{"embeddable":true,"href":"https:\/\/www.europesays.com\/ee\/wp-json\/wp\/v2\/comments?post=15309"}],"version-history":[{"count":0,"href":"https:\/\/www.europesays.com\/ee\/wp-json\/wp\/v2\/posts\/15309\/revisions"}],"wp:featuredmedia":[{"embeddable":true,"href":"https:\/\/www.europesays.com\/ee\/wp-json\/wp\/v2\/media\/15310"}],"wp:attachment":[{"href":"https:\/\/www.europesays.com\/ee\/wp-json\/wp\/v2\/media?parent=15309"}],"wp:term":[{"taxonomy":"category","embeddable":true,"href":"https:\/\/www.europesays.com\/ee\/wp-json\/wp\/v2\/categories?post=15309"},{"taxonomy":"post_tag","embeddable":true,"href":"https:\/\/www.europesays.com\/ee\/wp-json\/wp\/v2\/tags?post=15309"}],"curies":[{"name":"wp","href":"https:\/\/api.w.org\/{rel}","templated":true}]}}