{"id":153246,"date":"2026-04-14T05:47:08","date_gmt":"2026-04-14T05:47:08","guid":{"rendered":"https:\/\/www.europesays.com\/ee\/153246\/"},"modified":"2026-04-14T05:47:08","modified_gmt":"2026-04-14T05:47:08","slug":"ltv-air-baltic-vahendab-mais-lendude-arvu-majandus","status":"publish","type":"post","link":"https:\/\/www.europesays.com\/ee\/153246\/","title":{"rendered":"LTV: Air Baltic v\u00e4hendab mais lendude arvu | Majandus"},"content":{"rendered":"<p>L\u00e4ti lennufirma Air Baltic t\u00fchistab lennukik\u00fctuse hinnat\u00f5usule viidates mais osa oma lende, teatas L\u00e4ti rahvusringh\u00e4\u00e4ling LSM viitega L\u00e4ti Televisioonile (LTV).<\/p>\n<p>&#8220;Praegu k\u00e4ib \u00fcksikute lendude korrigeerimine Riia baasist, mis moodustab ligikaudu viis protsenti Riia maikuu lennugraafikust. See on v\u00e4ike hulk individuaalselt valitud lende, et tagada \u00fclej\u00e4\u00e4nud v\u00f5rgustiku stabiilne toimimine ja hindade p\u00fcsimine reisijatele taskukohasena,&#8221; <a href=\"https:\/\/eng.lsm.lv\/article\/economy\/transport\/13.04.2026-ltv-airbaltic-will-adjust-its-flight-schedule-in-may.a642746\/\" target=\"_blank\" rel=\"noopener nofollow\">teatas ettev\u00f5te<\/a> LTV-le saadetud kirjas.<\/p>\n<p>K\u00fcsimusele, kuidas need muudatused reisijaid m\u00f5jutavad, vastasid ettev\u00f5tte esindajad, et m\u00f5ju reisijatele on minimaalne. Samas meenutas lennufirma reisijatele, et kaaluda tasuks reisikindlustuse ostmist.<\/p>\n<p>&#8220;Reisijad suunatakse \u00fcmber nende planeeritud sihtkohtadesse. K\u00f5iki teavitatakse reisialternatiividest ja -v\u00f5imalustest otse ilma oluliste viivitusteta. Air Baltic m\u00f5istab, et k\u00f5ik muudatused reisiplaanides p\u00f5hjustavad ebamugavusi ning hindab reisijate kannatlikkust ja m\u00f5istmist,&#8221; teatas ettev\u00f5te.<\/p>\n<p>LSM m\u00e4rkis siiski, et lennuplaanide muudatused pahandasid reisijaid, kes olid juba piletid ostnud ja k\u00fcsisid n\u00fc\u00fcd sotsiaalmeedias, kas Air Baltic h\u00fcvitab neile hotellibroneeringud ja muud kulud, mis t\u00f5en\u00e4oliselt tulenevad reisiplaanide kuup\u00e4evade muutumisest.<\/p>\n<p>Lennumarsruute ja -graafikuid vaadatakse iga p\u00e4ev \u00fcle, et teha detailne reisijate n\u00f5udluse ja kulude prognoos ja anal\u00fc\u00fcs ning kui lend ei vasta reisijate n\u00f5udluse v\u00f5i kulude osas oodatud n\u00e4itajatele, teeb ettev\u00f5te otsuse seda &#8220;kohandada&#8221;, teatas Air Baltic.<\/p>\n<p>&#8220;Tavaliselt on sellised muudatused tavalisemad talvehooajal, kuid praegu kiiresti muutuvad kulud, mida ajendab k\u00fctusehinna t\u00f5us, t\u00e4hendavad seda, et ka suvehooajal v\u00f5ib m\u00f5ni \u00fcksik lend muutuda majanduslikult kahjumlikuks ning otsused tuleb langetada \u00f5igeaegselt,&#8221; teatas lennufirma.<\/p>\n<p>Lennukik\u00fctuse hinnad t\u00f5usevad j\u00e4tkuvalt, samas kui eksperdid, sealhulgas Euroopa lennujaamade \u00fchendus ACI Europe, on hoiatanud, et kui Hormuzi v\u00e4ina j\u00e4rgmise kolme n\u00e4dala jooksul ei avata, v\u00f5ib lennujaamades tekkida puudus lennukik\u00fctusest. P\u00e4rsia lahe piirkond tarnib umbes poole maailma lennukik\u00fctusest.<\/p>\n<p>Eelmisel n\u00e4dalal j\u00f5udis Euroopa lennukik\u00fctuse hind ajalooliselt k\u00f5rgeima tasemeni, 1838 dollarini tonni kohta, v\u00f5rreldes 831 dollariga enne, kui USA ja Iisrael Iraani r\u00fcndasid.<\/p>\n","protected":false},"excerpt":{"rendered":"L\u00e4ti lennufirma Air Baltic t\u00fchistab lennukik\u00fctuse hinnat\u00f5usule viidates mais osa oma lende, teatas L\u00e4ti rahvusringh\u00e4\u00e4ling LSM viitega L\u00e4ti&hellip;\n","protected":false},"author":2,"featured_media":153247,"comment_status":"","ping_status":"","sticky":false,"template":"","format":"standard","meta":{"footnotes":"","_share_on_mastodon":"0"},"categories":[80],"tags":[29074,26,27,37,33,35,34,36,31,32,21,17664,28,29,72403,72404,1768,95,19,25,23,24,3436,22,20,30,92,93,94],"class_list":["post-153246","post","type-post","status-publish","format-standard","has-post-thumbnail","category-maailm","tag-air-baltic","tag-breaking-news","tag-breakingnews","tag-ee","tag-eesti","tag-eesti-keel","tag-estonia","tag-estonian","tag-featured-news","tag-featurednews","tag-headlines","tag-kutuse-hinnatous","tag-latest-news","tag-latestnews","tag-lendude-arajaamine","tag-lennugraafiku-muudatused","tag-lennureis","tag-maailm","tag-news","tag-populaarseimad-lood","tag-top-stories","tag-topstories","tag-turism","tag-uldised-uudised","tag-uudised","tag-viimased-uudised","tag-world","tag-world-news","tag-worldnews"],"share_on_mastodon":{"url":"https:\/\/pubeurope.com\/@ee\/116401487407647132","error":""},"_links":{"self":[{"href":"https:\/\/www.europesays.com\/ee\/wp-json\/wp\/v2\/posts\/153246","targetHints":{"allow":["GET"]}}],"collection":[{"href":"https:\/\/www.europesays.com\/ee\/wp-json\/wp\/v2\/posts"}],"about":[{"href":"https:\/\/www.europesays.com\/ee\/wp-json\/wp\/v2\/types\/post"}],"author":[{"embeddable":true,"href":"https:\/\/www.europesays.com\/ee\/wp-json\/wp\/v2\/users\/2"}],"replies":[{"embeddable":true,"href":"https:\/\/www.europesays.com\/ee\/wp-json\/wp\/v2\/comments?post=153246"}],"version-history":[{"count":0,"href":"https:\/\/www.europesays.com\/ee\/wp-json\/wp\/v2\/posts\/153246\/revisions"}],"wp:featuredmedia":[{"embeddable":true,"href":"https:\/\/www.europesays.com\/ee\/wp-json\/wp\/v2\/media\/153247"}],"wp:attachment":[{"href":"https:\/\/www.europesays.com\/ee\/wp-json\/wp\/v2\/media?parent=153246"}],"wp:term":[{"taxonomy":"category","embeddable":true,"href":"https:\/\/www.europesays.com\/ee\/wp-json\/wp\/v2\/categories?post=153246"},{"taxonomy":"post_tag","embeddable":true,"href":"https:\/\/www.europesays.com\/ee\/wp-json\/wp\/v2\/tags?post=153246"}],"curies":[{"name":"wp","href":"https:\/\/api.w.org\/{rel}","templated":true}]}}