{"id":153297,"date":"2026-04-14T07:13:12","date_gmt":"2026-04-14T07:13:12","guid":{"rendered":"https:\/\/www.europesays.com\/ee\/153297\/"},"modified":"2026-04-14T07:13:12","modified_gmt":"2026-04-14T07:13:12","slug":"eesti-ragbikoondis-sai-ule-kumne-aasta-esimese-voidu-sest-latlased-olid-sunnitud-rahapuudusel-kohtumisest-loobuma","status":"publish","type":"post","link":"https:\/\/www.europesays.com\/ee\/153297\/","title":{"rendered":"Eesti ragbikoondis sai \u00fcle k\u00fcmne aasta esimese v\u00f5idu, sest l\u00e4tlased olid sunnitud rahapuudusel kohtumisest loobuma"},"content":{"rendered":"<p>Tegemist on Eesti koondise esimese v\u00f5iduga Rugby 15 formaadis alates 2016. aasta maist, mil Euroopa rahvuste karika III divisjoni finaalis alistati kodupubliku ees Slovakkia.<\/p>\n<p>7. aprillil L\u00e4ti ragbiliidu (LRF) kodulehel tehtud avalduses seisab, et nende koondis loobus nii 11. aprillil Valmieras Eestiga kui ka 18. aprillis v\u00f5\u00f5rsil Luksemburgiga toimuma pidanud kohtumisest, sest alaliidu riiklik rahastus v\u00e4henes mullusega v\u00f5rreldes m\u00e4rkimisv\u00e4\u00e4rselt.<\/p>\n<p>\u201eEsialgne riiklik toetus meie koondistele 2026. aastal on 93 333 eurot, kuid t\u00e4nasel p\u00e4eval pole L\u00e4ti ragbiliit saanud haridus- ja teadusministeeriumilt \u00fchtegi lepingut ning on ebaselge, millal see kokku lepitakse ja millal vahendid p\u00e4riselt k\u00e4ttesaadavaks tehakse,\u201c \u00f6eldakse avalduses.<\/p>\n<p>\u201eM\u00f5lema m\u00e4ngu kulu on umbes 36 000 eurot. Kodum\u00e4ng Eestiga maksaks 10 000 eurot (staadioni rent, otse\u00fclekanne ning k\u00fclalismeeskonna v\u00f5\u00f5rustamine vastavalt Rugby Europe\u2019i n\u00f5udmistele) ja v\u00f5\u00f5rsilm\u00e4ng Luksemburgis umbes 26 000 eurot (rahvusvaheline reis ja majutus 26-liikmelisele delegatsioonile). Eelnimetatud summasid LRF-il hetkel ei ole.\u201c<\/p>\n<p><img decoding=\"async\" src=\"https:\/\/www.europesays.com\/ee\/wp-content\/uploads\/2026\/04\/8927699b-e030-4136-8320-5ccad50fb89c.jpg\" loading=\"lazy\" alt=\"Eesti ja L\u00e4ti ragbikoondiste kohtumine 2024. aastal.\"\/><\/p>\n<p>\u201eKuigi v\u00f5it on Eesti ragbi jaoks oluline verstapost, oleksime loomulikult eelistanud selle v\u00e4lja teenida v\u00e4ljakul. Reisi- ja m\u00e4nguvalmis oli terve koondise t\u00e4iskoosseis ehk 23 m\u00e4ngijat, kes olid teinud hooaja algusest t\u00f5sist ettevalmistust\u00f6\u00f6d just selle kohtumise nimel,\u201c \u00fctles Eesti ragbiliidu peasekret\u00e4r Paul Davidson pressiteate vahendusel. <\/p>\n<p>\u201eEesti ragbiliit soovib L\u00e4ti kolleegidele j\u00f5udu neil keerulistel aegadel. Ragbi arendamine v\u00e4ikeriikides on \u00e4\u00e4rmiselt raske t\u00f6\u00f6. M\u00e4ngijate leidmine, treenerite koolitamine, reisikulude katmine ja v\u00f5istluskalendri t\u00e4itmine n\u00f5uab tohutut panust inimestelt, kes teevad seda t\u00f6\u00f6d enamasti vabatahtlikult ja armastusest spordiala vastu. Need v\u00e4ljakutsed on meile h\u00e4sti tuttavad \u2013 oleme neid ise ligi kaks aastak\u00fcmmet igap\u00e4evaselt kogenud. L\u00e4ti ragbim\u00e4ngijad on olnud meile nii vastaseks kui ka s\u00f5braks ning loodame neid peagi taas v\u00e4ljakul n\u00e4ha!\u201c<\/p>\n<p><img decoding=\"async\" src=\"https:\/\/www.europesays.com\/ee\/wp-content\/uploads\/2026\/04\/9828b688-be0d-4cd5-a0b3-0377df2c13d6.jpg\" loading=\"lazy\" alt=\"Graham Smith (keskel) Eesti naiste ragbi laagris.\"\/><\/p>\n<p>\u201eOn kahetsusv\u00e4\u00e4rne, et mat\u0161 j\u00e4i \u00e4ra, kuid n\u00fc\u00fcd on kogu meie fookus suunatud kodum\u00e4ngule Norra vastu,\u201c kommenteeris loobumisv\u00f5itu Eesti ragbikoondise peatreener Graham Smith, vaadates ette 2. mail Tiskres kriketi- ja ragbiv\u00e4ljakul toimuvale Rugby Europe v\u00f5istlusm\u00e4ngule.<\/p>\n<p>Smith on rahvusvahelise kogemusega elukutseline ragbitreener, kes on muu hulgas viinud Inglismaa naiste koondise 2014. aastal ragbi maailmameistriks. \u201eSmithi k\u00e4e all on Tallinna Kalevi meeskond t\u00f5usnud Soome meistriliiga k\u00f5rgeimasse divisjoni ning tema juhendamisel on Eesti ragbikoondised n\u00e4idanud viimastel aastatel j\u00e4rjepidevat arengut,\u201c m\u00e4rkis Davidson.<\/p>\n<p>Norraga kohtus Eesti ka 2025. aastal, kaotades 10:58. \u201eSee n\u00e4itab, et Norra on tugev vastane ning meie m\u00e4ngijatele t\u00f5eline tuleproov, milleks vajame kindlasti kodupubliku toetust,\u201c lisas Davidson.<\/p>\n<p>M\u00e4ngu algusaeg ja lisainfo t\u00e4psustuvad l\u00e4hiajal Eesti Ragbiliidu Facebooki ja Instagrami kanalites.<\/p>\n<p><img decoding=\"async\" src=\"https:\/\/www.europesays.com\/ee\/wp-content\/uploads\/2026\/04\/cb9d3a97-869f-4fa8-b7a4-256df2acee2e.jpg\" loading=\"lazy\" alt=\"Norra ragbikoondis p\u00e4rast 58:10 v\u00f5itu.\"\/><\/p>\n<p>2026. aastal ootab Eesti ragbit ees mitu ajaloolist verstaposti. Esiteks tuleb Eesti naiste koondis Rugby 15-s esmakordselt rahvusvahelises mat\u0161is v\u00e4ljakule, kohtudes 16. mail Tiskres L\u00e4tiga.<\/p>\n<p>Eesti U18 noormeeste koondis osaleb augustis Budapestis esimest korda Euroopa meistriv\u00f5istlusel ol\u00fcmpiaragbis. <\/p>\n<p><img decoding=\"async\" src=\"https:\/\/www.europesays.com\/ee\/wp-content\/uploads\/2026\/04\/99f274d1-4126-4865-a03a-bed1a711fb74.jpg\" loading=\"lazy\" alt=\"\u00dchisfoto Eesti naiste ragbikoondise laagrist.\"\/>Kuidas see lugu Sind end tundma pani? Saada <a href=\"https:\/\/sport.delfi.ee\/artikkel\/120568447\/eesti-ragbikoondis-sai-ule-kumne-aasta-esimese-voidu-sest-latlased-olid-sunnitud-rahapuudusel-kohtumisest-loobuma\/kommentaarid\" class=\"article-body-bottom__comment article-body-bottom__comment--write button button--primary button--size-auto\" rel=\"nofollow noopener\" target=\"_blank\"> Kommenteeri <\/a><a href=\"https:\/\/sport.delfi.ee\/artikkel\/120568447\/eesti-ragbikoondis-sai-ule-kumne-aasta-esimese-voidu-sest-latlased-olid-sunnitud-rahapuudusel-kohtumisest-loobuma\/kommentaarid\" class=\"article-body-bottom__comment article-body-bottom__comment--read button button--size-auto\" rel=\"nofollow noopener\" target=\"_blank\"> Loe kommentaare <\/a><\/p>\n","protected":false},"excerpt":{"rendered":"Tegemist on Eesti koondise esimese v\u00f5iduga Rugby 15 formaadis alates 2016. aasta maist, mil Euroopa rahvuste karika III&hellip;\n","protected":false},"author":2,"featured_media":153298,"comment_status":"","ping_status":"","sticky":false,"template":"","format":"standard","meta":{"footnotes":"","_share_on_mastodon":"0"},"categories":[18],"tags":[37,33,35,34,36,48975,159,158],"class_list":["post-153297","post","type-post","status-publish","format-standard","has-post-thumbnail","category-sport","tag-ee","tag-eesti","tag-eesti-keel","tag-estonia","tag-estonian","tag-ragbi","tag-sport","tag-sports"],"share_on_mastodon":{"url":"https:\/\/pubeurope.com\/@ee\/116401825751268309","error":""},"_links":{"self":[{"href":"https:\/\/www.europesays.com\/ee\/wp-json\/wp\/v2\/posts\/153297","targetHints":{"allow":["GET"]}}],"collection":[{"href":"https:\/\/www.europesays.com\/ee\/wp-json\/wp\/v2\/posts"}],"about":[{"href":"https:\/\/www.europesays.com\/ee\/wp-json\/wp\/v2\/types\/post"}],"author":[{"embeddable":true,"href":"https:\/\/www.europesays.com\/ee\/wp-json\/wp\/v2\/users\/2"}],"replies":[{"embeddable":true,"href":"https:\/\/www.europesays.com\/ee\/wp-json\/wp\/v2\/comments?post=153297"}],"version-history":[{"count":0,"href":"https:\/\/www.europesays.com\/ee\/wp-json\/wp\/v2\/posts\/153297\/revisions"}],"wp:featuredmedia":[{"embeddable":true,"href":"https:\/\/www.europesays.com\/ee\/wp-json\/wp\/v2\/media\/153298"}],"wp:attachment":[{"href":"https:\/\/www.europesays.com\/ee\/wp-json\/wp\/v2\/media?parent=153297"}],"wp:term":[{"taxonomy":"category","embeddable":true,"href":"https:\/\/www.europesays.com\/ee\/wp-json\/wp\/v2\/categories?post=153297"},{"taxonomy":"post_tag","embeddable":true,"href":"https:\/\/www.europesays.com\/ee\/wp-json\/wp\/v2\/tags?post=153297"}],"curies":[{"name":"wp","href":"https:\/\/api.w.org\/{rel}","templated":true}]}}