{"id":153411,"date":"2026-04-14T10:43:19","date_gmt":"2026-04-14T10:43:19","guid":{"rendered":"https:\/\/www.europesays.com\/ee\/153411\/"},"modified":"2026-04-14T10:43:19","modified_gmt":"2026-04-14T10:43:19","slug":"vordle-filmi-vaike-miss-paikesepaiste-lapsstaar-tahistab-30-sunnipaeva-mis-temast-on-saanud","status":"publish","type":"post","link":"https:\/\/www.europesays.com\/ee\/153411\/","title":{"rendered":"V\u00d5RDLE | Filmi \u201eV\u00e4ike Miss P\u00e4ikesepaiste\u201c lapsstaar t\u00e4histab 30. s\u00fcnnip\u00e4eva. Mis temast on saanud?"},"content":{"rendered":"<p>Andekas n\u00e4itleja sattus rambivalgusesse Olive Hooveri tegelaskuju kehastades. Enne seda oli ta teinud kaasa ka linateostes \u201eM\u00e4rgid\u201c ja \u201eHeleni kasvatamine\u201c, kuid suur tuntus tuli ikkagi t\u00e4nu filmile \u201eV\u00e4ike Miss P\u00e4ikesepaiste\u201c, mis r\u00e4\u00e4gib keeruliste suhetega perekonnast, kes s\u00f5idab lastele m\u00f5eldud iludusv\u00f5istlusele. Kassahitiks osutunud film sai neli Oscari nominatsiooni ning alles p\u00f5hikoolis k\u00e4inud Breslin nomineeriti parima naisk\u00f5rvalosat\u00e4itja auhinnale. Vaid k\u00fcmneaastaselt olid tal karj\u00e4\u00e4r ja v\u00f5imalused, millest teised Hollywoodi \u00f5nneotsijad saavad vaid unistada.<\/p>\n<p>P\u00e4rast 2006. aasta \u00fches suurimas filmis m\u00e4ngimist sai Breslin ohtralt rolle ka teistes projektides. Ta tegi kaasa filmides \u201eZombieland\u201c, \u201eOma \u00f5e hoidja\u201c, \u201eVana-aasta \u00f5htu\u201c ja \u201eArmastuse retsept\u201c. Aastal 2015 sai ta rolli kaks hooaega kestnud seriaalis \u201eScream Queens\u201c.<\/p>\n<p>Oled juba tellija?Logi sisse<\/p>\n<p><a href=\"https:\/\/kroonika.delfi.ee\/artikkel\/120568492\/vordle-filmi-vaike-miss-paikesepaiste-lapsstaar-tahistab-30-sunnipaeva-mis-temast-on-saanud\/kommentaarid\" class=\"article-body-bottom__comment article-body-bottom__comment--write button button--primary button--size-auto\" rel=\"nofollow noopener\" target=\"_blank\"> Kommenteeri <\/a><a href=\"https:\/\/kroonika.delfi.ee\/artikkel\/120568492\/vordle-filmi-vaike-miss-paikesepaiste-lapsstaar-tahistab-30-sunnipaeva-mis-temast-on-saanud\/kommentaarid\" class=\"article-body-bottom__comment article-body-bottom__comment--read button button--size-auto\" rel=\"nofollow noopener\" target=\"_blank\"> Loe kommentaare <\/a><\/p>\n","protected":false},"excerpt":{"rendered":"Andekas n\u00e4itleja sattus rambivalgusesse Olive Hooveri tegelaskuju kehastades. Enne seda oli ta teinud kaasa ka linateostes \u201eM\u00e4rgid\u201c ja&hellip;\n","protected":false},"author":2,"featured_media":153412,"comment_status":"","ping_status":"","sticky":false,"template":"","format":"standard","meta":{"footnotes":"","_share_on_mastodon":"0"},"categories":[16],"tags":[37,33,35,173,34,36,140,72432,38537],"class_list":["post-153411","post","type-post","status-publish","format-standard","has-post-thumbnail","category-meelelahutus","tag-ee","tag-eesti","tag-eesti-keel","tag-entertainment","tag-estonia","tag-estonian","tag-meelelahutus","tag-posttraumaatiline-stressihaire","tag-soomishaired"],"share_on_mastodon":{"url":"https:\/\/pubeurope.com\/@ee\/116402651376378242","error":""},"_links":{"self":[{"href":"https:\/\/www.europesays.com\/ee\/wp-json\/wp\/v2\/posts\/153411","targetHints":{"allow":["GET"]}}],"collection":[{"href":"https:\/\/www.europesays.com\/ee\/wp-json\/wp\/v2\/posts"}],"about":[{"href":"https:\/\/www.europesays.com\/ee\/wp-json\/wp\/v2\/types\/post"}],"author":[{"embeddable":true,"href":"https:\/\/www.europesays.com\/ee\/wp-json\/wp\/v2\/users\/2"}],"replies":[{"embeddable":true,"href":"https:\/\/www.europesays.com\/ee\/wp-json\/wp\/v2\/comments?post=153411"}],"version-history":[{"count":0,"href":"https:\/\/www.europesays.com\/ee\/wp-json\/wp\/v2\/posts\/153411\/revisions"}],"wp:featuredmedia":[{"embeddable":true,"href":"https:\/\/www.europesays.com\/ee\/wp-json\/wp\/v2\/media\/153412"}],"wp:attachment":[{"href":"https:\/\/www.europesays.com\/ee\/wp-json\/wp\/v2\/media?parent=153411"}],"wp:term":[{"taxonomy":"category","embeddable":true,"href":"https:\/\/www.europesays.com\/ee\/wp-json\/wp\/v2\/categories?post=153411"},{"taxonomy":"post_tag","embeddable":true,"href":"https:\/\/www.europesays.com\/ee\/wp-json\/wp\/v2\/tags?post=153411"}],"curies":[{"name":"wp","href":"https:\/\/api.w.org\/{rel}","templated":true}]}}