{"id":153455,"date":"2026-04-14T11:43:08","date_gmt":"2026-04-14T11:43:08","guid":{"rendered":"https:\/\/www.europesays.com\/ee\/153455\/"},"modified":"2026-04-14T11:43:08","modified_gmt":"2026-04-14T11:43:08","slug":"indoneesia-ja-usa-allkirjastasid-kaitsekoostoolepingu-valismaa","status":"publish","type":"post","link":"https:\/\/www.europesays.com\/ee\/153455\/","title":{"rendered":"Indoneesia ja USA allkirjastasid kaitsekoost\u00f6\u00f6lepingu | V\u00e4lismaa"},"content":{"rendered":"<p>Jakarta ja Washington allkirjastasid kaitsekoost\u00f6\u00f6lepingu ning meedias levivad teated, et m\u00f5lemad riigid arutavad ettepanekut anda \u00dchendriikide s\u00f5jalennukitele juurdep\u00e4\u00e4s Indoneesia \u00f5huruumile. Indoneesia l\u00e4hedal asub \u00fcks maailma olulisemaid veeteid ehk Malaka v\u00e4in.<\/p>\n<p>USA kaitseminister Pete Hegseth v\u00f5\u00f5rustas Pentagonis Indoneesia kaitseministrit Sjafrie Sjamsoeddinit. Hegseth tervitas Indoneesiaga s\u00f5lmitud kaitsekoost\u00f6\u00f6partnerluse s\u00f5lmimist ja \u00fctles, et see leping r\u00f5hutab sidemete tugevust Jakartaga.\u00a0<\/p>\n<p>Hegseth m\u00e4rkis veel, et m\u00f5lema riigi relvaj\u00f5ud v\u00f5tavad igal aastal \u00fchiselt osa enam kui 170 s\u00f5jalisest \u00f5ppusest.<\/p>\n<p>&#8220;T\u00f6\u00f6tame vastastikuse austuse ja vastastikuse kasu nimel, et suurendada meie riiklike huvide v\u00e4\u00e4rtust,&#8221; \u00fctles Indoneesia kaitseminister Sjafrie Sjamsoeddin.<\/p>\n<p>Meedias levivad veel teated, et m\u00f5lemad riigid arutavad ettepanekut anda USA s\u00f5jalennukitele juurdep\u00e4\u00e4s Indoneesia \u00f5huruumile. Kohalik meedia teatas, et Indoneesia president Prabowo Subianto on ettepaneku heaks kiitnud.<\/p>\n<p>Indoneesia kaitseministeerium teatas, et kontroll Indoneesia \u00f5huruumi \u00fcle kuulub Indoneesiale. Ministeerium lisas, et kokkulepped teiste riikidega kaitsevad Indoneesia suver\u00e4\u00e4nsust ja j\u00e4rgivad Indoneesia seadusi.<\/p>\n<p>Indoneesia l\u00e4hedal asub ka Malaka v\u00e4in, mis on \u00fcks maailma t\u00e4htsamaid laevateid. V\u00e4in \u00fchendab India ookeani Vaikse ookeaniga ning selle kaudu liigub suur osa maailma kaubandusest. See on \u00fcks l\u00fchimaid mereteid Hiina, L\u00e4his-Ida ja Euroopa vahel.\u00a0<\/p>\n<p>Suurem osa Hiina imporditavast naftast liigub l\u00e4bi selle v\u00e4ina. Need tarned peavad l\u00e4bima ka Hormuzi v\u00e4ina, USA alustas esmasp\u00e4eval Hormuzi blokeerimist.\u00a0<\/p>\n","protected":false},"excerpt":{"rendered":"Jakarta ja Washington allkirjastasid kaitsekoost\u00f6\u00f6lepingu ning meedias levivad teated, et m\u00f5lemad riigid arutavad ettepanekut anda \u00dchendriikide s\u00f5jalennukitele juurdep\u00e4\u00e4s&hellip;\n","protected":false},"author":2,"featured_media":153456,"comment_status":"","ping_status":"","sticky":false,"template":"","format":"standard","meta":{"footnotes":"","_share_on_mastodon":"0"},"categories":[5],"tags":[26,27,37,33,35,34,36,31,32,21,2028,28,29,19,460,1205,25,23,24,22,325,20,30,2405],"class_list":["post-153455","post","type-post","status-publish","format-standard","has-post-thumbnail","category-uldised-uudised","tag-breaking-news","tag-breakingnews","tag-ee","tag-eesti","tag-eesti-keel","tag-estonia","tag-estonian","tag-featured-news","tag-featurednews","tag-headlines","tag-indoneesia","tag-latest-news","tag-latestnews","tag-news","tag-pentagon","tag-pete-hegseth","tag-populaarseimad-lood","tag-top-stories","tag-topstories","tag-uldised-uudised","tag-usa","tag-uudised","tag-viimased-uudised","tag-washington"],"share_on_mastodon":{"url":"https:\/\/pubeurope.com\/@ee\/116402887286765554","error":""},"_links":{"self":[{"href":"https:\/\/www.europesays.com\/ee\/wp-json\/wp\/v2\/posts\/153455","targetHints":{"allow":["GET"]}}],"collection":[{"href":"https:\/\/www.europesays.com\/ee\/wp-json\/wp\/v2\/posts"}],"about":[{"href":"https:\/\/www.europesays.com\/ee\/wp-json\/wp\/v2\/types\/post"}],"author":[{"embeddable":true,"href":"https:\/\/www.europesays.com\/ee\/wp-json\/wp\/v2\/users\/2"}],"replies":[{"embeddable":true,"href":"https:\/\/www.europesays.com\/ee\/wp-json\/wp\/v2\/comments?post=153455"}],"version-history":[{"count":0,"href":"https:\/\/www.europesays.com\/ee\/wp-json\/wp\/v2\/posts\/153455\/revisions"}],"wp:featuredmedia":[{"embeddable":true,"href":"https:\/\/www.europesays.com\/ee\/wp-json\/wp\/v2\/media\/153456"}],"wp:attachment":[{"href":"https:\/\/www.europesays.com\/ee\/wp-json\/wp\/v2\/media?parent=153455"}],"wp:term":[{"taxonomy":"category","embeddable":true,"href":"https:\/\/www.europesays.com\/ee\/wp-json\/wp\/v2\/categories?post=153455"},{"taxonomy":"post_tag","embeddable":true,"href":"https:\/\/www.europesays.com\/ee\/wp-json\/wp\/v2\/tags?post=153455"}],"curies":[{"name":"wp","href":"https:\/\/api.w.org\/{rel}","templated":true}]}}