{"id":153552,"date":"2026-04-14T13:45:18","date_gmt":"2026-04-14T13:45:18","guid":{"rendered":"https:\/\/www.europesays.com\/ee\/153552\/"},"modified":"2026-04-14T13:45:18","modified_gmt":"2026-04-14T13:45:18","slug":"14-aastane-poiss-varastas-oslo-linnaliinibussi-ja-soitis-rootsi","status":"publish","type":"post","link":"https:\/\/www.europesays.com\/ee\/153552\/","title":{"rendered":"14-aastane poiss varastas Oslo linnaliinibussi ja s\u00f5itis Rootsi"},"content":{"rendered":"<p>Norra politsei teavitas Rootsi kolleege kohaliku aja j\u00e4rgi kella 4 ajal \u00f6\u00f6sel keskk\u00f6\u00f6l varastatud Oslo linnaliinibussi kohta, teatas Rootsi politsei, vahendab Aftonbladet.<\/p>\n<p>GPS-i abil tehti kindlaks, et buss asub maanteel E6 Uddevalla sillal suunaga <a rel=\"noopener nofollow\" target=\"_blank\" href=\"https:\/\/www.delfi.ee\/teema\/64046289\/goteborg\" tag-id=\"64046289\">G\u00f6teborgi<\/a> poole.<\/p>\n<p>\u201eRooli taga istus noor kutt,\u201c \u00fctles Rootsi politsei esindaja Jens Andersson.<\/p>\n<p>14-aastane poiss s\u00f5itis Oslost \u00fcle riigipiiri, enne kui reis l\u00f5pule j\u00f5udis. Mida ta Rootsis teha kavatses, pole selge.<\/p>\n<p>\u201eOn palju k\u00fcsimusi, aga mul ei ole h\u00e4id vastuseid,\u201c \u00fctles Andersson.<\/p>\n<p>Vaatamata juhi noorusele kulges veidi \u00fcle 250 kilomeetri pikkune s\u00f5it probleemideta.<\/p>\n<p>\u201eTa ei s\u00f5itnud suure kiirusega, nagu paistab, ja ta peatus, kui me palusime. Ei ole teateid mingi ebakorrap\u00e4rase v\u00f5i hooletu juhtimise kohta, aga loomulikult on see v\u00e4ga lubamatu,\u201c \u00fctles Andersson.<\/p>\n<p>Poiss anti Rootsis \u00fcle sotsiaalteenistustele, kuni ta ootab hooldajale \u00fcleandmist. Norra politsei tuleb talle Rootsi j\u00e4rele.<\/p>\n<p>Kuidas see lugu Sind end tundma pani? Saada <a href=\"https:\/\/www.delfi.ee\/artikkel\/120568544\/14-aastane-poiss-varastas-oslo-linnaliinibussi-ja-soitis-rootsi\/kommentaarid\" class=\"article-body-bottom__comment article-body-bottom__comment--write button button--primary button--size-auto\" rel=\"nofollow noopener\" target=\"_blank\"> Kommenteeri <\/a><a href=\"https:\/\/www.delfi.ee\/artikkel\/120568544\/14-aastane-poiss-varastas-oslo-linnaliinibussi-ja-soitis-rootsi\/kommentaarid\" class=\"article-body-bottom__comment article-body-bottom__comment--read button button--size-auto\" rel=\"nofollow noopener\" target=\"_blank\"> Loe kommentaare (14)<\/a><\/p>\n","protected":false},"excerpt":{"rendered":"Norra politsei teavitas Rootsi kolleege kohaliku aja j\u00e4rgi kella 4 ajal \u00f6\u00f6sel keskk\u00f6\u00f6l varastatud Oslo linnaliinibussi kohta, teatas&hellip;\n","protected":false},"author":2,"featured_media":153553,"comment_status":"","ping_status":"","sticky":false,"template":"","format":"standard","meta":{"footnotes":"","_share_on_mastodon":"0"},"categories":[80],"tags":[26,27,37,33,35,34,36,31,32,2553,21,28,29,95,19,1437,2693,25,889,23,24,22,20,30,92,93,94],"class_list":["post-153552","post","type-post","status-publish","format-standard","has-post-thumbnail","category-maailm","tag-breaking-news","tag-breakingnews","tag-ee","tag-eesti","tag-eesti-keel","tag-estonia","tag-estonian","tag-featured-news","tag-featurednews","tag-goteborg","tag-headlines","tag-latest-news","tag-latestnews","tag-maailm","tag-news","tag-norra","tag-oslo","tag-populaarseimad-lood","tag-rootsi","tag-top-stories","tag-topstories","tag-uldised-uudised","tag-uudised","tag-viimased-uudised","tag-world","tag-world-news","tag-worldnews"],"share_on_mastodon":{"url":"https:\/\/pubeurope.com\/@ee\/116403367025620349","error":""},"_links":{"self":[{"href":"https:\/\/www.europesays.com\/ee\/wp-json\/wp\/v2\/posts\/153552","targetHints":{"allow":["GET"]}}],"collection":[{"href":"https:\/\/www.europesays.com\/ee\/wp-json\/wp\/v2\/posts"}],"about":[{"href":"https:\/\/www.europesays.com\/ee\/wp-json\/wp\/v2\/types\/post"}],"author":[{"embeddable":true,"href":"https:\/\/www.europesays.com\/ee\/wp-json\/wp\/v2\/users\/2"}],"replies":[{"embeddable":true,"href":"https:\/\/www.europesays.com\/ee\/wp-json\/wp\/v2\/comments?post=153552"}],"version-history":[{"count":0,"href":"https:\/\/www.europesays.com\/ee\/wp-json\/wp\/v2\/posts\/153552\/revisions"}],"wp:featuredmedia":[{"embeddable":true,"href":"https:\/\/www.europesays.com\/ee\/wp-json\/wp\/v2\/media\/153553"}],"wp:attachment":[{"href":"https:\/\/www.europesays.com\/ee\/wp-json\/wp\/v2\/media?parent=153552"}],"wp:term":[{"taxonomy":"category","embeddable":true,"href":"https:\/\/www.europesays.com\/ee\/wp-json\/wp\/v2\/categories?post=153552"},{"taxonomy":"post_tag","embeddable":true,"href":"https:\/\/www.europesays.com\/ee\/wp-json\/wp\/v2\/tags?post=153552"}],"curies":[{"name":"wp","href":"https:\/\/api.w.org\/{rel}","templated":true}]}}